{"id":382712,"date":"2026-09-03T14:00:47","date_gmt":"2026-09-03T17:00:47","guid":{"rendered":"http:\/\/www.noticiasdelparana.com.ar\/NuevaEdicion\/?p=382712"},"modified":"2026-09-03T14:00:51","modified_gmt":"2026-09-03T17:00:51","slug":"resistencia-retiro-de-una-construccion-ilegal-a-la-vera-de-la-laguna-de-villa-los-lirios","status":"publish","type":"post","link":"http:\/\/www.noticiasdelparana.com.ar\/NuevaEdicion\/2026\/09\/03\/resistencia-retiro-de-una-construccion-ilegal-a-la-vera-de-la-laguna-de-villa-los-lirios\/","title":{"rendered":"RESISTENCIA: Retiro De Una Construcci\u00f3n Ilegal A La Vera De La Laguna De Villa Los Lirios"},"content":{"rendered":"\n<p>Jos\u00e9 Escalante, coordinador general de APA, explic\u00f3 que esta nueva intervenci\u00f3n fue en la laguna de Villa Los Lirios, donde yac\u00eda una construcci\u00f3n sin autorizaci\u00f3n legal sobre la l\u00ednea de ribera.<\/p>\n\n\n\n<p>\u201cEst\u00e1 completamente prohibido por el codo de agua, y sin autorizaci\u00f3n de APA no se puede construir, y menos en esta situaci\u00f3n donde est\u00e1 la laguna, que llegado el momento con las lluvias se van a inundar\u201d, precis\u00f3.<\/p>\n\n\n\n<p>Desde la Subsecretar\u00eda de Asuntos H\u00eddricos se\u00f1alaron que la intervenci\u00f3n fue respaldada por la Polic\u00eda del Chaco, para garantizar seguridad al procedimiento.<\/p>\n\n\n\n<p>\u201cAparte de la construcci\u00f3n, hay evidencia de que hubo rellenos, estamos tratando de recuperar la capacidad que ten\u00eda la laguna, es una pol\u00edtica que venimos implementando desde que asumi\u00f3 esta gesti\u00f3n y previendo las acciones y teniendo en cuenta la posible llegada del fen\u00f3meno de El Ni\u00f1o\u201d, aseveraron.<\/p>\n","protected":false},"excerpt":{"rendered":"<p>03-Sep-26  La Municipalidad, el Juzgado de Faltas Ambiental y la Administraci\u00f3n Provincial del Agua (APA) siguen interviniendo en la ciudad, retirando construcciones ilegales erigidas a la vera de lagunas, con el consecuente da\u00f1o ambiental que provocan estas edificaciones debido al relleno.<\/p>\n","protected":false},"author":3,"featured_media":382713,"comment_status":"closed","ping_status":"closed","sticky":false,"template":"","format":"standard","meta":[],"categories":[102],"tags":[],"_links":{"self":[{"href":"http:\/\/www.noticiasdelparana.com.ar\/NuevaEdicion\/wp-json\/wp\/v2\/posts\/382712"}],"collection":[{"href":"http:\/\/www.noticiasdelparana.com.ar\/NuevaEdicion\/wp-json\/wp\/v2\/posts"}],"about":[{"href":"http:\/\/www.noticiasdelparana.com.ar\/NuevaEdicion\/wp-json\/wp\/v2\/types\/post"}],"author":[{"embeddable":true,"href":"http:\/\/www.noticiasdelparana.com.ar\/NuevaEdicion\/wp-json\/wp\/v2\/users\/3"}],"replies":[{"embeddable":true,"href":"http:\/\/www.noticiasdelparana.com.ar\/NuevaEdicion\/wp-json\/wp\/v2\/comments?post=382712"}],"version-history":[{"count":1,"href":"http:\/\/www.noticiasdelparana.com.ar\/NuevaEdicion\/wp-json\/wp\/v2\/posts\/382712\/revisions"}],"predecessor-version":[{"id":382714,"href":"http:\/\/www.noticiasdelparana.com.ar\/NuevaEdicion\/wp-json\/wp\/v2\/posts\/382712\/revisions\/382714"}],"wp:featuredmedia":[{"embeddable":true,"href":"http:\/\/www.noticiasdelparana.com.ar\/NuevaEdicion\/wp-json\/wp\/v2\/media\/382713"}],"wp:attachment":[{"href":"http:\/\/www.noticiasdelparana.com.ar\/NuevaEdicion\/wp-json\/wp\/v2\/media?parent=382712"}],"wp:term":[{"taxonomy":"category","embeddable":true,"href":"http:\/\/www.noticiasdelparana.com.ar\/NuevaEdicion\/wp-json\/wp\/v2\/categories?post=382712"},{"taxonomy":"post_tag","embeddable":true,"href":"http:\/\/www.noticiasdelparana.com.ar\/NuevaEdicion\/wp-json\/wp\/v2\/tags?post=382712"}],"curies":[{"name":"wp","href":"https:\/\/api.w.org\/{rel}","templated":true}]}}