{"id":382715,"date":"2026-09-03T14:08:19","date_gmt":"2026-09-03T17:08:19","guid":{"rendered":"http:\/\/www.noticiasdelparana.com.ar\/NuevaEdicion\/?p=382715"},"modified":"2026-09-03T14:08:25","modified_gmt":"2026-09-03T17:08:25","slug":"puerto-vilelas-catalina-un-ejemplo-de-fuerza-y-superacion-que-inspira-a-toda-la-comunidad","status":"publish","type":"post","link":"http:\/\/www.noticiasdelparana.com.ar\/NuevaEdicion\/2026\/09\/03\/puerto-vilelas-catalina-un-ejemplo-de-fuerza-y-superacion-que-inspira-a-toda-la-comunidad\/","title":{"rendered":"PUERTO VILELAS:  Catalina, Un Ejemplo De Fuerza Y Superaci\u00f3n Que Inspira A Toda La Comunidad"},"content":{"rendered":"\n<p>La ni\u00f1a de 7 a\u00f1os se ha convertido en un verdadero ejemplo de lucha, fortaleza y perseverancia para toda la comunidad.<\/p>\n\n\n\n<p>Durante el encuentro, compartieron un momento especial junto a la peque\u00f1a y le entregaron presentes, destacando el v\u00ednculo de afecto que se fue construyendo a lo largo del tiempo a partir de los traslados que la Guardia Urbana realiza para acompa\u00f1arla a sus tratamientos m\u00e9dicos en el Hospital Pedi\u00e1trico de Resistencia.<\/p>\n\n\n\n<p>Desde el \u00e1rea destacaron que, m\u00e1s all\u00e1 de la asistencia brindada, con Catalina naci\u00f3 una profunda amistad que los llev\u00f3 a formar parte de su entorno cotidiano, acompa\u00f1ando de cerca cada paso de su recuperaci\u00f3n y crecimiento.<\/p>\n\n\n\n<p>Quienes la conocen coinciden en que su sonrisa, energ\u00eda y valent\u00eda frente a las dificultades representan una verdadera lecci\u00f3n de vida. Con apenas siete a\u00f1os, Catalina transmite un mensaje de esperanza y demuestra diariamente que la fuerza de voluntad puede superar los desaf\u00edos m\u00e1s dif\u00edciles.<\/p>\n\n\n\n<p>Desde el Municipio se\u00f1alaron que continuar\u00e1n acompa\u00f1\u00e1ndola en este camino, destacando que su historia inspira no solo a quienes trabajan junto a ella, sino tambi\u00e9n a toda la comunidad de Puerto Vilelas.<\/p>\n\n\n\n<p>\u201cCatalina nos ense\u00f1a a no bajar nunca los brazos y a enfrentar cada d\u00eda con optimismo y determinaci\u00f3n\u201d, expresaron, al tiempo que renovaron su compromiso de seguir estando a su lado y acompa\u00f1ando a su familia.<\/p>\n","protected":false},"excerpt":{"rendered":"<p>03-Sep-26 En el marco de las actividades por el Mes de la Ni\u00f1ez, integrantes de la Secretar\u00eda de Seguridad P\u00fablica, Vial y Ambiental y de la Guardia Urbana Municipal de Puerto Vilelas visitaron a Catalina<\/p>\n","protected":false},"author":3,"featured_media":382716,"comment_status":"closed","ping_status":"closed","sticky":false,"template":"","format":"standard","meta":[],"categories":[108,101],"tags":[],"_links":{"self":[{"href":"http:\/\/www.noticiasdelparana.com.ar\/NuevaEdicion\/wp-json\/wp\/v2\/posts\/382715"}],"collection":[{"href":"http:\/\/www.noticiasdelparana.com.ar\/NuevaEdicion\/wp-json\/wp\/v2\/posts"}],"about":[{"href":"http:\/\/www.noticiasdelparana.com.ar\/NuevaEdicion\/wp-json\/wp\/v2\/types\/post"}],"author":[{"embeddable":true,"href":"http:\/\/www.noticiasdelparana.com.ar\/NuevaEdicion\/wp-json\/wp\/v2\/users\/3"}],"replies":[{"embeddable":true,"href":"http:\/\/www.noticiasdelparana.com.ar\/NuevaEdicion\/wp-json\/wp\/v2\/comments?post=382715"}],"version-history":[{"count":1,"href":"http:\/\/www.noticiasdelparana.com.ar\/NuevaEdicion\/wp-json\/wp\/v2\/posts\/382715\/revisions"}],"predecessor-version":[{"id":382717,"href":"http:\/\/www.noticiasdelparana.com.ar\/NuevaEdicion\/wp-json\/wp\/v2\/posts\/382715\/revisions\/382717"}],"wp:featuredmedia":[{"embeddable":true,"href":"http:\/\/www.noticiasdelparana.com.ar\/NuevaEdicion\/wp-json\/wp\/v2\/media\/382716"}],"wp:attachment":[{"href":"http:\/\/www.noticiasdelparana.com.ar\/NuevaEdicion\/wp-json\/wp\/v2\/media?parent=382715"}],"wp:term":[{"taxonomy":"category","embeddable":true,"href":"http:\/\/www.noticiasdelparana.com.ar\/NuevaEdicion\/wp-json\/wp\/v2\/categories?post=382715"},{"taxonomy":"post_tag","embeddable":true,"href":"http:\/\/www.noticiasdelparana.com.ar\/NuevaEdicion\/wp-json\/wp\/v2\/tags?post=382715"}],"curies":[{"name":"wp","href":"https:\/\/api.w.org\/{rel}","templated":true}]}}