{"id":382718,"date":"2026-09-03T14:35:24","date_gmt":"2026-09-03T17:35:24","guid":{"rendered":"http:\/\/www.noticiasdelparana.com.ar\/NuevaEdicion\/?p=382718"},"modified":"2026-09-03T14:35:30","modified_gmt":"2026-09-03T17:35:30","slug":"barranqueras-el-municipio-avanza-con-la-reparacion-del-socavon-en-tatane-y-avenida-rodriguez-pena","status":"publish","type":"post","link":"http:\/\/www.noticiasdelparana.com.ar\/NuevaEdicion\/2026\/09\/03\/barranqueras-el-municipio-avanza-con-la-reparacion-del-socavon-en-tatane-y-avenida-rodriguez-pena\/","title":{"rendered":"BARRANQUERAS:  El Municipio Avanza Con La Reparaci\u00f3n Del Socav\u00f3n En Tatan\u00e9 Y Avenida Rodr\u00edguez Pe\u00f1a"},"content":{"rendered":"\n<p>Seg\u00fan informaron desde el municipio, ya se concret\u00f3 una primera etapa de la intervenci\u00f3n, que incluy\u00f3 el relleno del sector afectado y la colocaci\u00f3n de estructuras de hormig\u00f3n premoldeado, con el objetivo de brindar mayor firmeza al terreno y mejorar el funcionamiento del sistema de desag\u00fces.<\/p>\n\n\n\n<p>Las autoridades destacaron que desde el primer momento se trabaj\u00f3 para encontrar una soluci\u00f3n definitiva a la problem\u00e1tica, mediante una obra integral que se desarrollar\u00e1 en dos etapas. La primera ya se encuentra en ejecuci\u00f3n, mientras que en los pr\u00f3ximos d\u00edas continuar\u00e1n las tareas correspondientes a la segunda fase del proyecto.<\/p>\n\n\n\n<p>Asimismo, solicitaron a los vecinos paciencia y comprensi\u00f3n durante el avance de los trabajos, debido a la complejidad de la intervenci\u00f3n y a la necesidad de garantizar resultados duraderos que permitan recuperar plenamente el sector.<\/p>\n\n\n\n<p>Desde el municipio remarcaron que la obra se realiza con recursos propios y forma parte de una serie de acciones destinadas a mejorar la infraestructura urbana, optimizar la transitabilidad y brindar respuestas concretas a las necesidades de la comunidad.<\/p>\n","protected":false},"excerpt":{"rendered":"<p>03-Sep-26 La Municipalidad de Barranqueras contin\u00faa ejecutando trabajos de reparaci\u00f3n en la intersecci\u00f3n de las calles Tatan\u00e9 y avenida Rodr\u00edguez Pe\u00f1a, donde se registr\u00f3 un importante socav\u00f3n que afectaba la seguridad vial y el normal escurrimiento del agua en la zona.<\/p>\n","protected":false},"author":3,"featured_media":382719,"comment_status":"closed","ping_status":"closed","sticky":false,"template":"","format":"standard","meta":[],"categories":[99],"tags":[],"_links":{"self":[{"href":"http:\/\/www.noticiasdelparana.com.ar\/NuevaEdicion\/wp-json\/wp\/v2\/posts\/382718"}],"collection":[{"href":"http:\/\/www.noticiasdelparana.com.ar\/NuevaEdicion\/wp-json\/wp\/v2\/posts"}],"about":[{"href":"http:\/\/www.noticiasdelparana.com.ar\/NuevaEdicion\/wp-json\/wp\/v2\/types\/post"}],"author":[{"embeddable":true,"href":"http:\/\/www.noticiasdelparana.com.ar\/NuevaEdicion\/wp-json\/wp\/v2\/users\/3"}],"replies":[{"embeddable":true,"href":"http:\/\/www.noticiasdelparana.com.ar\/NuevaEdicion\/wp-json\/wp\/v2\/comments?post=382718"}],"version-history":[{"count":1,"href":"http:\/\/www.noticiasdelparana.com.ar\/NuevaEdicion\/wp-json\/wp\/v2\/posts\/382718\/revisions"}],"predecessor-version":[{"id":382720,"href":"http:\/\/www.noticiasdelparana.com.ar\/NuevaEdicion\/wp-json\/wp\/v2\/posts\/382718\/revisions\/382720"}],"wp:featuredmedia":[{"embeddable":true,"href":"http:\/\/www.noticiasdelparana.com.ar\/NuevaEdicion\/wp-json\/wp\/v2\/media\/382719"}],"wp:attachment":[{"href":"http:\/\/www.noticiasdelparana.com.ar\/NuevaEdicion\/wp-json\/wp\/v2\/media?parent=382718"}],"wp:term":[{"taxonomy":"category","embeddable":true,"href":"http:\/\/www.noticiasdelparana.com.ar\/NuevaEdicion\/wp-json\/wp\/v2\/categories?post=382718"},{"taxonomy":"post_tag","embeddable":true,"href":"http:\/\/www.noticiasdelparana.com.ar\/NuevaEdicion\/wp-json\/wp\/v2\/tags?post=382718"}],"curies":[{"name":"wp","href":"https:\/\/api.w.org\/{rel}","templated":true}]}}