{"id":382721,"date":"2026-09-03T14:44:16","date_gmt":"2026-09-03T17:44:16","guid":{"rendered":"http:\/\/www.noticiasdelparana.com.ar\/NuevaEdicion\/?p=382721"},"modified":"2026-09-03T14:44:22","modified_gmt":"2026-09-03T17:44:22","slug":"barranqueras-el-municipio-refuerza-la-seguridad-en-el-jardin-n-o-126-con-camaras-y-nueva-iluminacion","status":"publish","type":"post","link":"http:\/\/www.noticiasdelparana.com.ar\/NuevaEdicion\/2026\/09\/03\/barranqueras-el-municipio-refuerza-la-seguridad-en-el-jardin-n-o-126-con-camaras-y-nueva-iluminacion\/","title":{"rendered":"BARRANQUERAS:   El Municipio Refuerza La Seguridad En El Jard\u00edn N.\u00ba 126 Con C\u00e1maras Y Nueva Iluminaci\u00f3n"},"content":{"rendered":"\n<p>La intervenci\u00f3n incluy\u00f3 la colocaci\u00f3n de cuatro c\u00e1maras Full HD conectadas al Centro Integral de Monitoreo Municipal, desde donde ser\u00e1n supervisadas de manera permanente durante las 24 horas, los 365 d\u00edas del a\u00f1o.<\/p>\n\n\n\n<p>Seg\u00fan informaron desde el municipio, la medida surgi\u00f3 a partir de un pedido realizado por directivos, docentes y familias del establecimiento, luego de diversos hechos de inseguridad que afectaron a la instituci\u00f3n.<\/p>\n\n\n\n<p>Adem\u00e1s del sistema de vigilancia, y en articulaci\u00f3n con la Coordinaci\u00f3n de Educaci\u00f3n, se incorporaron nuevas luminarias en el predio. La mejora en la iluminaci\u00f3n busca reforzar las condiciones de seguridad en el entorno del jard\u00edn y contribuir a la prevenci\u00f3n de situaciones delictivas.<\/p>\n\n\n\n<p>Desde el Ejecutivo municipal destacaron que estas acciones forman parte de una pol\u00edtica integral orientada a proteger los espacios educativos y garantizar entornos m\u00e1s seguros para ni\u00f1os, docentes y familias.<\/p>\n\n\n\n<p>\u201cCada acci\u00f3n que realizamos responde a la decisi\u00f3n de estar presentes y trabajar todos los d\u00edas para cuidar a nuestra comunidad\u201d, se\u00f1alaron.<\/p>\n","protected":false},"excerpt":{"rendered":"<p>03-Sep-26  La Municipalidad de Barranqueras concret\u00f3 la instalaci\u00f3n de un sistema de videovigilancia en el Jard\u00edn de Infantes N.\u00ba 126 \u201cJavier Villafa\u00f1e\u201d, con el objetivo de fortalecer la seguridad de la instituci\u00f3n educativa y brindar mayor tranquilidad a la comunidad escolar.<\/p>\n","protected":false},"author":3,"featured_media":382722,"comment_status":"closed","ping_status":"closed","sticky":false,"template":"","format":"standard","meta":[],"categories":[99,108],"tags":[],"_links":{"self":[{"href":"http:\/\/www.noticiasdelparana.com.ar\/NuevaEdicion\/wp-json\/wp\/v2\/posts\/382721"}],"collection":[{"href":"http:\/\/www.noticiasdelparana.com.ar\/NuevaEdicion\/wp-json\/wp\/v2\/posts"}],"about":[{"href":"http:\/\/www.noticiasdelparana.com.ar\/NuevaEdicion\/wp-json\/wp\/v2\/types\/post"}],"author":[{"embeddable":true,"href":"http:\/\/www.noticiasdelparana.com.ar\/NuevaEdicion\/wp-json\/wp\/v2\/users\/3"}],"replies":[{"embeddable":true,"href":"http:\/\/www.noticiasdelparana.com.ar\/NuevaEdicion\/wp-json\/wp\/v2\/comments?post=382721"}],"version-history":[{"count":1,"href":"http:\/\/www.noticiasdelparana.com.ar\/NuevaEdicion\/wp-json\/wp\/v2\/posts\/382721\/revisions"}],"predecessor-version":[{"id":382723,"href":"http:\/\/www.noticiasdelparana.com.ar\/NuevaEdicion\/wp-json\/wp\/v2\/posts\/382721\/revisions\/382723"}],"wp:featuredmedia":[{"embeddable":true,"href":"http:\/\/www.noticiasdelparana.com.ar\/NuevaEdicion\/wp-json\/wp\/v2\/media\/382722"}],"wp:attachment":[{"href":"http:\/\/www.noticiasdelparana.com.ar\/NuevaEdicion\/wp-json\/wp\/v2\/media?parent=382721"}],"wp:term":[{"taxonomy":"category","embeddable":true,"href":"http:\/\/www.noticiasdelparana.com.ar\/NuevaEdicion\/wp-json\/wp\/v2\/categories?post=382721"},{"taxonomy":"post_tag","embeddable":true,"href":"http:\/\/www.noticiasdelparana.com.ar\/NuevaEdicion\/wp-json\/wp\/v2\/tags?post=382721"}],"curies":[{"name":"wp","href":"https:\/\/api.w.org\/{rel}","templated":true}]}}