{"id":382727,"date":"2026-09-03T15:06:50","date_gmt":"2026-09-03T18:06:50","guid":{"rendered":"http:\/\/www.noticiasdelparana.com.ar\/NuevaEdicion\/?p=382727"},"modified":"2026-09-03T15:06:58","modified_gmt":"2026-09-03T18:06:58","slug":"barranqueras-lanzaron-el-primer-concurso-literario-con-importantes-premios","status":"publish","type":"post","link":"http:\/\/www.noticiasdelparana.com.ar\/NuevaEdicion\/2026\/09\/03\/barranqueras-lanzaron-el-primer-concurso-literario-con-importantes-premios\/","title":{"rendered":"BARRANQUERAS:  Lanzaron El Primer Concurso Literario Con Importantes Premios"},"content":{"rendered":"\n<p>El anuncio se realiz\u00f3 durante una conferencia de prensa en el Centro Cultural La Flota y cont\u00f3 con la participaci\u00f3n de la secretaria de Cultura y Turismo, Graciela Su\u00e1rez; el director de Cultura, Gustavo Ca\u00f1ete; y la escritora Myriam Castillo, quienes brindaron detalles sobre la convocatoria.<\/p>\n\n\n\n<figure class=\"wp-block-image size-large\"><img loading=\"lazy\" width=\"640\" height=\"480\" src=\"http:\/\/www.noticiasdelparana.com.ar\/NuevaEdicion\/wp-content\/uploads\/2026\/09\/concurso-literario-confe01.jpg\" alt=\"\" class=\"wp-image-382729\" srcset=\"http:\/\/www.noticiasdelparana.com.ar\/NuevaEdicion\/wp-content\/uploads\/2026\/09\/concurso-literario-confe01.jpg 640w, http:\/\/www.noticiasdelparana.com.ar\/NuevaEdicion\/wp-content\/uploads\/2026\/09\/concurso-literario-confe01-300x225.jpg 300w\" sizes=\"(max-width: 640px) 100vw, 640px\" \/><\/figure>\n\n\n\n<p>La iniciativa est\u00e1 dirigida a estudiantes secundario, universitarios, escritores y escritoras residentes en Barranqueras, mayores de 16 a\u00f1os, sin l\u00edmite de edad, con el objetivo de generar un espacio de expresi\u00f3n art\u00edstica que refleje las historias, vivencias y la identidad de la ciudad.<\/p>\n\n\n\n<p>Desde la organizaci\u00f3n destacaron que el concurso busca incentivar la creatividad, fortalecer la producci\u00f3n literaria local y poner en valor el v\u00ednculo de la comunidad con el r\u00edo, uno de los s\u00edmbolos m\u00e1s representativos de Barranqueras.<\/p>\n\n\n\n<p>En cuanto a los premios, se inform\u00f3 que el certamen otorgar\u00e1 100 mil pesos al primer puesto, 50 mil pesos al segundo lugar y una mini escultura realizada por un artista local para el tercer premio, adem\u00e1s de menciones especiales.<\/p>\n\n\n\n<p>Los interesados podr\u00e1n solicitar las bases y condiciones a trav\u00e9s de los tel\u00e9fonos 3624-510062 (Nico) y 3624-010822 (Dante), por correo electr\u00f3nico a culturayturismomb@gmail.com, o de manera presencial en el Centro Cultural La Flota, ubicado en Capit\u00e1n Solari 123.<\/p>\n\n\n\n<p>Con esta propuesta, Barranqueras suma una nueva herramienta para promover la cultura, incentivar la participaci\u00f3n ciudadana y brindar oportunidades a quienes encuentran en la escritura una forma de expresi\u00f3n y construcci\u00f3n de identidad.<\/p>\n","protected":false},"excerpt":{"rendered":"<p>03-Sep-26   La Municipalidad de Barranqueras, a trav\u00e9s de la Secretar\u00eda de Cultura y Turismo, present\u00f3 este jueves el 1\u00b0 Concurso Literario de Barranqueras, una propuesta destinada a promover la escritura y la producci\u00f3n cultural local bajo el lema \u201cEl r\u00edo inspira, las palabras cuentan\u201d.<\/p>\n","protected":false},"author":3,"featured_media":382728,"comment_status":"closed","ping_status":"closed","sticky":false,"template":"","format":"standard","meta":[],"categories":[99,108],"tags":[],"_links":{"self":[{"href":"http:\/\/www.noticiasdelparana.com.ar\/NuevaEdicion\/wp-json\/wp\/v2\/posts\/382727"}],"collection":[{"href":"http:\/\/www.noticiasdelparana.com.ar\/NuevaEdicion\/wp-json\/wp\/v2\/posts"}],"about":[{"href":"http:\/\/www.noticiasdelparana.com.ar\/NuevaEdicion\/wp-json\/wp\/v2\/types\/post"}],"author":[{"embeddable":true,"href":"http:\/\/www.noticiasdelparana.com.ar\/NuevaEdicion\/wp-json\/wp\/v2\/users\/3"}],"replies":[{"embeddable":true,"href":"http:\/\/www.noticiasdelparana.com.ar\/NuevaEdicion\/wp-json\/wp\/v2\/comments?post=382727"}],"version-history":[{"count":1,"href":"http:\/\/www.noticiasdelparana.com.ar\/NuevaEdicion\/wp-json\/wp\/v2\/posts\/382727\/revisions"}],"predecessor-version":[{"id":382730,"href":"http:\/\/www.noticiasdelparana.com.ar\/NuevaEdicion\/wp-json\/wp\/v2\/posts\/382727\/revisions\/382730"}],"wp:featuredmedia":[{"embeddable":true,"href":"http:\/\/www.noticiasdelparana.com.ar\/NuevaEdicion\/wp-json\/wp\/v2\/media\/382728"}],"wp:attachment":[{"href":"http:\/\/www.noticiasdelparana.com.ar\/NuevaEdicion\/wp-json\/wp\/v2\/media?parent=382727"}],"wp:term":[{"taxonomy":"category","embeddable":true,"href":"http:\/\/www.noticiasdelparana.com.ar\/NuevaEdicion\/wp-json\/wp\/v2\/categories?post=382727"},{"taxonomy":"post_tag","embeddable":true,"href":"http:\/\/www.noticiasdelparana.com.ar\/NuevaEdicion\/wp-json\/wp\/v2\/tags?post=382727"}],"curies":[{"name":"wp","href":"https:\/\/api.w.org\/{rel}","templated":true}]}}