{"id":382731,"date":"2026-09-03T17:20:38","date_gmt":"2026-09-03T20:20:38","guid":{"rendered":"http:\/\/www.noticiasdelparana.com.ar\/NuevaEdicion\/?p=382731"},"modified":"2026-09-03T17:20:42","modified_gmt":"2026-09-03T20:20:42","slug":"chaco-elecciones-en-los-institutos-de-educacion-superior-avanza-el-proceso-de-oficializacion-de-postulaciones","status":"publish","type":"post","link":"http:\/\/www.noticiasdelparana.com.ar\/NuevaEdicion\/2026\/09\/03\/chaco-elecciones-en-los-institutos-de-educacion-superior-avanza-el-proceso-de-oficializacion-de-postulaciones\/","title":{"rendered":"CHACO:  Elecciones En Los Institutos De Educaci\u00f3n Superior: Avanza El Proceso De Oficializaci\u00f3n De Postulaciones"},"content":{"rendered":"\n<p>En los \u00faltimos d\u00edas se concret\u00f3 una de las etapas centrales del cronograma: la presentaci\u00f3n de postulaciones, mientras que actualmente la Junta Electoral se encuentra abocada al control de la documentaci\u00f3n presentada.<\/p>\n\n\n\n<p>El director de Educaci\u00f3n Superior, Luis Monz\u00f3n, explic\u00f3 que el proceso se desarrolla de acuerdo con el cronograma establecido por la Junta Electoral, constituida a principios de julio. En este marco, destac\u00f3 que la semana pasada se concret\u00f3 una instancia clave, con la presentaci\u00f3n de las postulaciones de quienes aspiran a conducir los institutos convocados. Una vez finalizada esta etapa, la Junta Electoral determinar\u00e1 cu\u00e1les son las postulaciones que cumplen con los requisitos establecidos en el estatuto y proceder\u00e1 a la oficializaci\u00f3n de las listas. De esta manera, se conocer\u00e1 qu\u00e9 listas y cu\u00e1ntas competir\u00e1n en cada instituto.<\/p>\n\n\n\n<p>El director de Educaci\u00f3n Superior explic\u00f3 adem\u00e1s que, en aquellos institutos donde se presente una \u00fanica lista y esta cumpla con los requisitos correspondientes, el proceso continuar\u00e1 con la posterior proclamaci\u00f3n de sus integrantes, sin necesidad de realizar la elecci\u00f3n propiamente dicha. \u201cSon momentos centrales y de mucho trabajo porque el control es importante de cada uno de los requisitos que establece el estatuto\u201d, manifest\u00f3 Monz\u00f3n, al remarcar la relevancia de esta instancia para garantizar el cumplimiento de las condiciones previstas para la participaci\u00f3n electoral.<\/p>\n\n\n\n<p>Las elecciones se realizar\u00e1n el pr\u00f3ximo 23 de octubre, en el marco de la Resoluci\u00f3n N\u00b0 3469\/2026 del Ministerio de Educaci\u00f3n, que establece la convocatoria para la designaci\u00f3n de rectores y vicerrectores en los institutos que re\u00fanen las condiciones legales para llevar adelante este proceso.<\/p>\n\n\n\n<p>La elecci\u00f3n forma parte del proceso de normalizaci\u00f3n institucional del Nivel Superior, luego de una d\u00e9cada sin comicios para la designaci\u00f3n de autoridades. El objetivo es que los institutos puedan iniciar el ciclo lectivo 2027 con autoridades elegidas por sus respectivas comunidades educativas.<\/p>\n","protected":false},"excerpt":{"rendered":"<p>03-Sep-26   El Ministerio de Educaci\u00f3n acompa\u00f1a el proceso electoral que culminar\u00e1 el 23 de octubre con la elecci\u00f3n de rectores y vicerrectores en los institutos de Educaci\u00f3n Superior (IES) habilitados. <\/p>\n","protected":false},"author":3,"featured_media":382732,"comment_status":"closed","ping_status":"closed","sticky":false,"template":"","format":"standard","meta":[],"categories":[98],"tags":[],"_links":{"self":[{"href":"http:\/\/www.noticiasdelparana.com.ar\/NuevaEdicion\/wp-json\/wp\/v2\/posts\/382731"}],"collection":[{"href":"http:\/\/www.noticiasdelparana.com.ar\/NuevaEdicion\/wp-json\/wp\/v2\/posts"}],"about":[{"href":"http:\/\/www.noticiasdelparana.com.ar\/NuevaEdicion\/wp-json\/wp\/v2\/types\/post"}],"author":[{"embeddable":true,"href":"http:\/\/www.noticiasdelparana.com.ar\/NuevaEdicion\/wp-json\/wp\/v2\/users\/3"}],"replies":[{"embeddable":true,"href":"http:\/\/www.noticiasdelparana.com.ar\/NuevaEdicion\/wp-json\/wp\/v2\/comments?post=382731"}],"version-history":[{"count":1,"href":"http:\/\/www.noticiasdelparana.com.ar\/NuevaEdicion\/wp-json\/wp\/v2\/posts\/382731\/revisions"}],"predecessor-version":[{"id":382733,"href":"http:\/\/www.noticiasdelparana.com.ar\/NuevaEdicion\/wp-json\/wp\/v2\/posts\/382731\/revisions\/382733"}],"wp:featuredmedia":[{"embeddable":true,"href":"http:\/\/www.noticiasdelparana.com.ar\/NuevaEdicion\/wp-json\/wp\/v2\/media\/382732"}],"wp:attachment":[{"href":"http:\/\/www.noticiasdelparana.com.ar\/NuevaEdicion\/wp-json\/wp\/v2\/media?parent=382731"}],"wp:term":[{"taxonomy":"category","embeddable":true,"href":"http:\/\/www.noticiasdelparana.com.ar\/NuevaEdicion\/wp-json\/wp\/v2\/categories?post=382731"},{"taxonomy":"post_tag","embeddable":true,"href":"http:\/\/www.noticiasdelparana.com.ar\/NuevaEdicion\/wp-json\/wp\/v2\/tags?post=382731"}],"curies":[{"name":"wp","href":"https:\/\/api.w.org\/{rel}","templated":true}]}}