{"id":382737,"date":"2026-09-03T17:35:12","date_gmt":"2026-09-03T20:35:12","guid":{"rendered":"http:\/\/www.noticiasdelparana.com.ar\/NuevaEdicion\/?p=382737"},"modified":"2026-09-03T17:35:20","modified_gmt":"2026-09-03T20:35:20","slug":"chaco-dos-personas-fueron-demoradas-en-la-rubita-por-un-robo-a-mano-armada","status":"publish","type":"post","link":"http:\/\/www.noticiasdelparana.com.ar\/NuevaEdicion\/2026\/09\/03\/chaco-dos-personas-fueron-demoradas-en-la-rubita-por-un-robo-a-mano-armada\/","title":{"rendered":"CHACO: Dos Personas Fueron Demoradas En La Rubita Por Un Robo A Mano Armada"},"content":{"rendered":"\n<p>En la ma\u00f1ana de este jueves, personal de la Divisi\u00f3n Delitos Contra la Propiedad llev\u00f3 adelante un procedimiento en inmediaciones de pasaje Leandro Alem y calle 31, en el barrio La Rubita de Resistencia, en el marco de una investigaci\u00f3n por un robo a mano armada.<\/p>\n\n\n\n<p>Como resultado del operativo, los agentes demoraron a una pareja, ambos de 22 a\u00f1os, quienes estar\u00edan vinculados con un hecho ocurrido el pasado 24 de agosto en un domicilio ubicado sobre calle Jos\u00e9 Mar\u00eda Paz en la capital chaque\u00f1a donde sustrajeron un celular Iphone 14 pro.<\/p>\n\n\n\n<p>Adem\u00e1s de las dos personas demoradas, secuestraron una pistola calibre 7,65, tres patentes de motocicletas y un veh\u00edculo.<\/p>\n\n\n\n<p>Los elementos secuestrados quedaron incorporados a las actuaciones correspondientes, mientras contin\u00faa la investigaci\u00f3n para esclarecer el hecho.<\/p>\n","protected":false},"excerpt":{"rendered":"<p>03-Sep-26   Durante el procedimiento tambi\u00e9n se secuestr\u00f3 un arma de fuego, tres patentes de motocicletas y un veh\u00edculo.<br \/>\n&#8230;<\/p>\n","protected":false},"author":3,"featured_media":382738,"comment_status":"closed","ping_status":"closed","sticky":false,"template":"","format":"standard","meta":[],"categories":[103],"tags":[],"_links":{"self":[{"href":"http:\/\/www.noticiasdelparana.com.ar\/NuevaEdicion\/wp-json\/wp\/v2\/posts\/382737"}],"collection":[{"href":"http:\/\/www.noticiasdelparana.com.ar\/NuevaEdicion\/wp-json\/wp\/v2\/posts"}],"about":[{"href":"http:\/\/www.noticiasdelparana.com.ar\/NuevaEdicion\/wp-json\/wp\/v2\/types\/post"}],"author":[{"embeddable":true,"href":"http:\/\/www.noticiasdelparana.com.ar\/NuevaEdicion\/wp-json\/wp\/v2\/users\/3"}],"replies":[{"embeddable":true,"href":"http:\/\/www.noticiasdelparana.com.ar\/NuevaEdicion\/wp-json\/wp\/v2\/comments?post=382737"}],"version-history":[{"count":1,"href":"http:\/\/www.noticiasdelparana.com.ar\/NuevaEdicion\/wp-json\/wp\/v2\/posts\/382737\/revisions"}],"predecessor-version":[{"id":382739,"href":"http:\/\/www.noticiasdelparana.com.ar\/NuevaEdicion\/wp-json\/wp\/v2\/posts\/382737\/revisions\/382739"}],"wp:featuredmedia":[{"embeddable":true,"href":"http:\/\/www.noticiasdelparana.com.ar\/NuevaEdicion\/wp-json\/wp\/v2\/media\/382738"}],"wp:attachment":[{"href":"http:\/\/www.noticiasdelparana.com.ar\/NuevaEdicion\/wp-json\/wp\/v2\/media?parent=382737"}],"wp:term":[{"taxonomy":"category","embeddable":true,"href":"http:\/\/www.noticiasdelparana.com.ar\/NuevaEdicion\/wp-json\/wp\/v2\/categories?post=382737"},{"taxonomy":"post_tag","embeddable":true,"href":"http:\/\/www.noticiasdelparana.com.ar\/NuevaEdicion\/wp-json\/wp\/v2\/tags?post=382737"}],"curies":[{"name":"wp","href":"https:\/\/api.w.org\/{rel}","templated":true}]}}