{"id":382741,"date":"2026-09-03T17:37:55","date_gmt":"2026-09-03T20:37:55","guid":{"rendered":"http:\/\/www.noticiasdelparana.com.ar\/NuevaEdicion\/?p=382741"},"modified":"2026-09-03T17:38:00","modified_gmt":"2026-09-03T20:38:00","slug":"colonia-benitez-secuestraron-siete-caballos-que-se-encontraban-sueltos-en-la-via-publica","status":"publish","type":"post","link":"http:\/\/www.noticiasdelparana.com.ar\/NuevaEdicion\/2026\/09\/03\/colonia-benitez-secuestraron-siete-caballos-que-se-encontraban-sueltos-en-la-via-publica\/","title":{"rendered":"COLONIA BEN\u00cdTEZ: Secuestraron Siete Caballos Que Se Encontraban Sueltos En La V\u00eda P\u00fablica"},"content":{"rendered":"\n<p>Efectivos de la Comisar\u00eda Colonia Ben\u00edtez detectaron siete animales equinos sueltos y sin custodia en la v\u00eda p\u00fablica, representando un riesgo para quienes circulaban por el sector.<\/p>\n\n\n\n<p>Ante esta situaci\u00f3n, los animales fueron secuestrados preventivamente y trasladados por arreo hasta un corral particular, cedido para su resguardo. Adem\u00e1s, se dio intervenci\u00f3n al Departamento de Seguridad Rural Metropolitana para el correspondiente informe t\u00e9cnico y alojamiento de los semovientes, conforme a las directivas del Juzgado de Paz local.<\/p>\n","protected":false},"excerpt":{"rendered":"<p>03-Sep-26  El procedimiento se realiz\u00f3 en el marco de un operativo preventivo dispuesto con motivo del evento \u201cArmado Pesca del Dorado\u201d, ante el incremento del tr\u00e1nsito vehicular en la zona.<\/p>\n","protected":false},"author":3,"featured_media":382742,"comment_status":"closed","ping_status":"closed","sticky":false,"template":"","format":"standard","meta":[],"categories":[103],"tags":[],"_links":{"self":[{"href":"http:\/\/www.noticiasdelparana.com.ar\/NuevaEdicion\/wp-json\/wp\/v2\/posts\/382741"}],"collection":[{"href":"http:\/\/www.noticiasdelparana.com.ar\/NuevaEdicion\/wp-json\/wp\/v2\/posts"}],"about":[{"href":"http:\/\/www.noticiasdelparana.com.ar\/NuevaEdicion\/wp-json\/wp\/v2\/types\/post"}],"author":[{"embeddable":true,"href":"http:\/\/www.noticiasdelparana.com.ar\/NuevaEdicion\/wp-json\/wp\/v2\/users\/3"}],"replies":[{"embeddable":true,"href":"http:\/\/www.noticiasdelparana.com.ar\/NuevaEdicion\/wp-json\/wp\/v2\/comments?post=382741"}],"version-history":[{"count":1,"href":"http:\/\/www.noticiasdelparana.com.ar\/NuevaEdicion\/wp-json\/wp\/v2\/posts\/382741\/revisions"}],"predecessor-version":[{"id":382743,"href":"http:\/\/www.noticiasdelparana.com.ar\/NuevaEdicion\/wp-json\/wp\/v2\/posts\/382741\/revisions\/382743"}],"wp:featuredmedia":[{"embeddable":true,"href":"http:\/\/www.noticiasdelparana.com.ar\/NuevaEdicion\/wp-json\/wp\/v2\/media\/382742"}],"wp:attachment":[{"href":"http:\/\/www.noticiasdelparana.com.ar\/NuevaEdicion\/wp-json\/wp\/v2\/media?parent=382741"}],"wp:term":[{"taxonomy":"category","embeddable":true,"href":"http:\/\/www.noticiasdelparana.com.ar\/NuevaEdicion\/wp-json\/wp\/v2\/categories?post=382741"},{"taxonomy":"post_tag","embeddable":true,"href":"http:\/\/www.noticiasdelparana.com.ar\/NuevaEdicion\/wp-json\/wp\/v2\/tags?post=382741"}],"curies":[{"name":"wp","href":"https:\/\/api.w.org\/{rel}","templated":true}]}}