{"id":382744,"date":"2026-09-03T18:09:20","date_gmt":"2026-09-03T21:09:20","guid":{"rendered":"http:\/\/www.noticiasdelparana.com.ar\/NuevaEdicion\/?p=382744"},"modified":"2026-09-03T18:09:24","modified_gmt":"2026-09-03T21:09:24","slug":"chaco-mas-familias-de-la-chacra-214-ya-tienen-su-vivienda","status":"publish","type":"post","link":"http:\/\/www.noticiasdelparana.com.ar\/NuevaEdicion\/2026\/09\/03\/chaco-mas-familias-de-la-chacra-214-ya-tienen-su-vivienda\/","title":{"rendered":"CHACO:  M\u00e1s  Familias De La Chacra 214 Ya Tienen Su Vivienda"},"content":{"rendered":"\n<p>Durante el acto, el mandatario provincial destac\u00f3 la importancia de concretar el sue\u00f1o de la casa propia y remarc\u00f3 el esfuerzo que realiza el Estado provincial para finalizar obras que hab\u00edan quedado pendientes y avanzar con nuevas soluciones habitacionales en distintos puntos de la provincia. \u201cM\u00e1s viviendas aqu\u00ed en Resistencia, justamente haciendo posible el sue\u00f1o propio, el techo propio para las familias. Venimos trabajando en todo el territorio provincial con diferentes modalidades y hoy estamos entregando m\u00e1s viviendas a m\u00e1s familias\u201d, sostuvo Zdero.<br>El gobernador puso especial \u00e9nfasis en la situaci\u00f3n de familias que debieron esperar durante a\u00f1os para acceder a su vivienda. \u201cAlgunas de ellas esperaron 16, 20 a\u00f1os. Otras fueron sorteadas en octubre de 2023, en una oportunidad en la que no solamente se hab\u00eda hecho el sorteo, sino que tambi\u00e9n se hab\u00eda entregado una carpeta con la acreditaci\u00f3n del terreno y de la vivienda, que nunca existi\u00f3\u201d, se\u00f1al\u00f3.<br>En este sentido, destac\u00f3 que la actual gesti\u00f3n asumi\u00f3 el compromiso de recuperar y terminar obras paralizadas, con una administraci\u00f3n responsable de los recursos p\u00fablicos.<\/p>\n\n\n\n<p>M\u00e1s alternativas para acceder a una vivienda<br>Zdero explic\u00f3 que el d\u00e9ficit habitacional contin\u00faa siendo uno de los principales desaf\u00edos y que, por ese motivo, el Gobierno provincial trabaja en distintas modalidades para ampliar las posibilidades de acceso a la vivienda.<br>Entre las opciones mencion\u00f3 la posibilidad de desarrollar proyectos mediante fideicomisos, viviendas de car\u00e1cter social, programas que se adapten a los ingresos familiares, terrenos con servicios y cr\u00e9ditos destinados a la ampliaci\u00f3n y refacci\u00f3n de viviendas.<br>\u201cTenemos la posibilidad tambi\u00e9n de entregar terrenos con servicios y, de esa manera, que la gente pueda acceder a construir su casa. Tenemos cr\u00e9ditos para ampliar y reformar viviendas. Todas las modalidades que podamos generar desde el Gobierno provincial las vamos a llevar adelante\u201d, sostuvo.<br>El mandatario tambi\u00e9n adelant\u00f3 que continuar\u00e1n las entregas de viviendas en distintas localidades, entre ellas Presidencia de la Plaza y Puerto Tirol, donde se prev\u00e9 avanzar con unidades que ya fueron sorteadas.<\/p>\n\n\n\n<p>Casi 70 viviendas terminadas en la Chacra 214<br>Por su parte, el presidente del IPDUV, Fernando Berecoechea, destac\u00f3 el avance de las obras en el sector y se\u00f1al\u00f3 que con las nuevas entregas se alcanza un total cercano a las 70 viviendas terminadas en la Chacra 214. \u201cEstamos nuevamente en la Chacra 214, aqu\u00ed en Resistencia, terminando ya un total de casi 70 viviendas en este sector de la ciudad. Tenemos en construcci\u00f3n m\u00e1s viviendas que, de acuerdo con el plan de trabajo, estaremos entregando, si Dios quiere, en diciembre o enero del a\u00f1o que viene\u201d, explic\u00f3.<br>Berecoechea remarc\u00f3 adem\u00e1s que las unidades entregadas incluyen viviendas correspondientes a familias que hab\u00edan sido sorteadas en 2023 y que llevaban a\u00f1os esperando una respuesta. \u201cSon familias que han tenido hasta 16 a\u00f1os de espera y hoy tienen una respuesta por parte del Estado. Tambi\u00e9n estamos entregando viviendas a familias que fueron sorteadas en octubre de 2023, de obras que no exist\u00edan. Las hemos terminado y las estamos entregando\u201d, afirm\u00f3.<br>El titular del IPDUV resalt\u00f3 la importancia de recuperar la confianza de las familias y cumplir con los compromisos asumidos. \u201cEl gobernador nos ha pedido que seamos serios respecto de las propuestas que llevamos a la ciudadan\u00eda y que, cuando comprometemos la palabra, hagamos el esfuerzo para poder cumplir con ese compromiso. Se trata de recuperar el valor de la palabra empe\u00f1ada\u201d, sostuvo.<br>Asimismo, destac\u00f3 el rol de los adjudicatarios que ya cuentan con su vivienda y cumplen regularmente con sus obligaciones, ya que esos recursos permiten continuar financiando nuevas soluciones habitacionales. \u201cNecesitamos tambi\u00e9n del aporte de todos los meses de aquellos que ya recibieron su casa, porque esta respuesta que estamos dando hoy en la Chacra 214 es financiada justamente por el esfuerzo de todos\u201d, explic\u00f3.<\/p>\n\n\n\n<p>Viviendas para familias con personas con discapacidad<br>Otro de los aspectos destacados de la jornada fue la entrega de cinco de las 20 viviendas a familias que tienen entre sus integrantes a personas con discapacidad.<br>La presidente del Instituto Provincial para la Inclusi\u00f3n de las Personas con Discapacidad del Chaco (IPRODICH), Ana Mitoire, acompa\u00f1\u00f3 al gobernador durante la jornada y valor\u00f3 especialmente esta pol\u00edtica de inclusi\u00f3n habitacional. \u201cEn Resistencia, la entrega de cinco viviendas, de las 20 que se entregan hoy, van a familias que tienen alg\u00fan integrante con discapacidad. Para nosotros es uno de los momentos de mayor alegr\u00eda y m\u00e1s importantes, porque sabemos que hay gente que viene esperando much\u00edsimos a\u00f1os\u201d, expres\u00f3.<br>Mitoire destac\u00f3 que el Gobierno provincial viene otorgando una consideraci\u00f3n especial a las familias con personas con discapacidad, superando incluso el cupo previsto. \u201cNos parece muy importante destacar esto y agradecer al gobernador Leandro Zdero por esta mirada tan especial y particular hacia las personas con discapacidad\u201d, remarc\u00f3.<br>La funcionaria se\u00f1al\u00f3 adem\u00e1s que en la propia Chacra 214 ya son m\u00e1s de 20 las viviendas destinadas a personas con discapacidad, aunque reconoci\u00f3 que todav\u00eda queda trabajo por realizar.<br>\u201cSabemos que siempre va a faltar para alguno m\u00e1s, pero realmente se ha puesto una mirada especial y se ha buscado dar esta respuesta. Ahora nos queda seguir acompa\u00f1ando y trabajando para que haya m\u00e1s realidades como esta\u201d, concluy\u00f3.<\/p>\n","protected":false},"excerpt":{"rendered":"<p>03-Sep-26   Este jueves, el gobernador Leandro Zdero encabez\u00f3 la entrega de nuevas viviendas en la Chacra 214 de Resistencia. De las 20 unidades adjudicadas, cinco fueron destinadas a familias que tienen entre sus integrantes a personas con discapacidad.  <\/p>\n","protected":false},"author":3,"featured_media":382745,"comment_status":"closed","ping_status":"closed","sticky":false,"template":"","format":"standard","meta":[],"categories":[98],"tags":[],"_links":{"self":[{"href":"http:\/\/www.noticiasdelparana.com.ar\/NuevaEdicion\/wp-json\/wp\/v2\/posts\/382744"}],"collection":[{"href":"http:\/\/www.noticiasdelparana.com.ar\/NuevaEdicion\/wp-json\/wp\/v2\/posts"}],"about":[{"href":"http:\/\/www.noticiasdelparana.com.ar\/NuevaEdicion\/wp-json\/wp\/v2\/types\/post"}],"author":[{"embeddable":true,"href":"http:\/\/www.noticiasdelparana.com.ar\/NuevaEdicion\/wp-json\/wp\/v2\/users\/3"}],"replies":[{"embeddable":true,"href":"http:\/\/www.noticiasdelparana.com.ar\/NuevaEdicion\/wp-json\/wp\/v2\/comments?post=382744"}],"version-history":[{"count":1,"href":"http:\/\/www.noticiasdelparana.com.ar\/NuevaEdicion\/wp-json\/wp\/v2\/posts\/382744\/revisions"}],"predecessor-version":[{"id":382746,"href":"http:\/\/www.noticiasdelparana.com.ar\/NuevaEdicion\/wp-json\/wp\/v2\/posts\/382744\/revisions\/382746"}],"wp:featuredmedia":[{"embeddable":true,"href":"http:\/\/www.noticiasdelparana.com.ar\/NuevaEdicion\/wp-json\/wp\/v2\/media\/382745"}],"wp:attachment":[{"href":"http:\/\/www.noticiasdelparana.com.ar\/NuevaEdicion\/wp-json\/wp\/v2\/media?parent=382744"}],"wp:term":[{"taxonomy":"category","embeddable":true,"href":"http:\/\/www.noticiasdelparana.com.ar\/NuevaEdicion\/wp-json\/wp\/v2\/categories?post=382744"},{"taxonomy":"post_tag","embeddable":true,"href":"http:\/\/www.noticiasdelparana.com.ar\/NuevaEdicion\/wp-json\/wp\/v2\/tags?post=382744"}],"curies":[{"name":"wp","href":"https:\/\/api.w.org\/{rel}","templated":true}]}}