{"id":382753,"date":"2026-09-03T20:54:15","date_gmt":"2026-09-03T23:54:15","guid":{"rendered":"http:\/\/www.noticiasdelparana.com.ar\/NuevaEdicion\/?p=382753"},"modified":"2026-09-03T20:54:20","modified_gmt":"2026-09-03T23:54:20","slug":"el-sauzalito-el-operativo-res-brindo-mas-de-340-atenciones-de-salud-en-el-sauzal","status":"publish","type":"post","link":"http:\/\/www.noticiasdelparana.com.ar\/NuevaEdicion\/2026\/09\/03\/el-sauzalito-el-operativo-res-brindo-mas-de-340-atenciones-de-salud-en-el-sauzal\/","title":{"rendered":"EL SAUZALITO: El Operativo Res Brind\u00f3 M\u00e1s De 340 Atenciones De Salud En El Sauzal"},"content":{"rendered":"\n<p>El equipo RES (Red Estrat\u00e9gica de Salud) coordinado por el Dr. Gerardo Delgado realiz\u00f3 un nuevo operativo de atenci\u00f3n integral en el CAPS de El Sauzal, acercando distintas especialidades y prestaciones a la comunidad. Se concretaron consultas de cl\u00ednica m\u00e9dica, pediatr\u00eda, obstetricia, cardiolog\u00eda y ecograf\u00edas, adem\u00e1s de acciones de enfermer\u00eda.<\/p>\n\n\n\n<p>La jornada permiti\u00f3 brindar m\u00e1s de 340 atenciones y acercar prestaciones que, para muchas familias de zonas alejadas de los centros urbanos, implican mayores dificultades de acceso.<\/p>\n\n\n\n<p>Durante el operativo se realizaron 73 ecograf\u00edas, 20 consultas de pediatr\u00eda, 30 de cl\u00ednica m\u00e9dica, 17 de obstetricia y 24 de cardiolog\u00eda, 30 Electrocardiogramas; adem\u00e1s de 150 acciones de enfermer\u00eda.&nbsp;<\/p>\n\n\n\n<p>M\u00e1s especialidades cerca de la comunidad<\/p>\n\n\n\n<p>El Dr. Gerardo Delgado destac\u00f3 la importancia de llevar este tipo de operativos directamente a las localidades y parajes del interior provincial.<\/p>\n\n\n\n<p>\u201cEn el marco del programa de salud buscamos estar presentes en cada realidad y acercar especialidades a quienes m\u00e1s lo necesitan, como nos pide el Gobernador Zdero. En esta ocasi\u00f3n llegamos con un gran equipo de trabajo, incorporando ecograf\u00eda y obstetricia para complementar la atenci\u00f3n de cada profesional, adem\u00e1s de cardiolog\u00eda, pediatr\u00eda y cl\u00ednica m\u00e9dica\u201d, explic\u00f3.<\/p>\n\n\n\n<p>El profesional remarc\u00f3 tambi\u00e9n que el abordaje territorial permite atender las particularidades de cada comunidad y mejorar la comunicaci\u00f3n con los pacientes, especialmente en zonas donde conviven distintas comunidades y etnias. \u201cEs muy importante poder estar presentes en estas zonas de la provincia. La salud p\u00fablica tiene que garantizar el acceso y acercar las prestaciones a cada territorio\u201d, sostuvo.<\/p>\n\n\n\n<p>La salud, presente en cada territorio<\/p>\n\n\n\n<p>Desde el Ministerio de Salud provincial se viene fortaleciendo una estrategia de atenci\u00f3n territorial que busca reducir las barreras de acceso y acercar servicios sanitarios a comunidades que se encuentran alejadas de los centros de referencia.<\/p>\n\n\n\n<p>En este sentido, los Operativos RES permiten que vecinos de localidades y parajes puedan acceder, en un mismo lugar, a diferentes especialidades y estudios que habitualmente requieren traslados hacia ciudades cabecera. \u201cMuchas veces no es solamente el camino que hay que recorrer, sino tambi\u00e9n el acceso a determinadas especialidades. Con estos equipos logramos estar presentes en el territorio, acercando respuestas a cada uno de los vecinos y familias\u201d, destac\u00f3 Delgado.<\/p>\n\n\n\n<p>La estrategia apunta a sostener la presencia sanitaria en toda la provincia y profundizar durante el a\u00f1o el abordaje integral de las comunidades, con una premisa central: que la distancia no sea un impedimento para acceder a la atenci\u00f3n m\u00e9dica.<\/p>\n","protected":false},"excerpt":{"rendered":"<p>03-Sep-26 Este jueves, en el marco de las acciones de fortalecimiento de la atenci\u00f3n primaria impulsadas por la Secretar\u00eda de Asuntos Estrat\u00e9gicos, a cargo de Marcos Resico y el Ministerio de Salud de la Provincia, se llev\u00f3 adelante un nuevo Operativo RES en el CAPS de El Sauzal, con la coordinaci\u00f3n del Dr. Gerardo Delgado y la participaci\u00f3n de un equipo interdisciplinario de profesionales.<\/p>\n","protected":false},"author":3,"featured_media":382754,"comment_status":"closed","ping_status":"closed","sticky":false,"template":"","format":"standard","meta":[],"categories":[98],"tags":[],"_links":{"self":[{"href":"http:\/\/www.noticiasdelparana.com.ar\/NuevaEdicion\/wp-json\/wp\/v2\/posts\/382753"}],"collection":[{"href":"http:\/\/www.noticiasdelparana.com.ar\/NuevaEdicion\/wp-json\/wp\/v2\/posts"}],"about":[{"href":"http:\/\/www.noticiasdelparana.com.ar\/NuevaEdicion\/wp-json\/wp\/v2\/types\/post"}],"author":[{"embeddable":true,"href":"http:\/\/www.noticiasdelparana.com.ar\/NuevaEdicion\/wp-json\/wp\/v2\/users\/3"}],"replies":[{"embeddable":true,"href":"http:\/\/www.noticiasdelparana.com.ar\/NuevaEdicion\/wp-json\/wp\/v2\/comments?post=382753"}],"version-history":[{"count":1,"href":"http:\/\/www.noticiasdelparana.com.ar\/NuevaEdicion\/wp-json\/wp\/v2\/posts\/382753\/revisions"}],"predecessor-version":[{"id":382755,"href":"http:\/\/www.noticiasdelparana.com.ar\/NuevaEdicion\/wp-json\/wp\/v2\/posts\/382753\/revisions\/382755"}],"wp:featuredmedia":[{"embeddable":true,"href":"http:\/\/www.noticiasdelparana.com.ar\/NuevaEdicion\/wp-json\/wp\/v2\/media\/382754"}],"wp:attachment":[{"href":"http:\/\/www.noticiasdelparana.com.ar\/NuevaEdicion\/wp-json\/wp\/v2\/media?parent=382753"}],"wp:term":[{"taxonomy":"category","embeddable":true,"href":"http:\/\/www.noticiasdelparana.com.ar\/NuevaEdicion\/wp-json\/wp\/v2\/categories?post=382753"},{"taxonomy":"post_tag","embeddable":true,"href":"http:\/\/www.noticiasdelparana.com.ar\/NuevaEdicion\/wp-json\/wp\/v2\/tags?post=382753"}],"curies":[{"name":"wp","href":"https:\/\/api.w.org\/{rel}","templated":true}]}}