{"id":382756,"date":"2026-09-03T20:56:13","date_gmt":"2026-09-03T23:56:13","guid":{"rendered":"http:\/\/www.noticiasdelparana.com.ar\/NuevaEdicion\/?p=382756"},"modified":"2026-09-03T20:56:16","modified_gmt":"2026-09-03T23:56:16","slug":"chaco-adicciones-la-provincia-llevara-la-prevencion-a-todas-las-escuelas-en-una-jornada-provincial-simultanea","status":"publish","type":"post","link":"http:\/\/www.noticiasdelparana.com.ar\/NuevaEdicion\/2026\/09\/03\/chaco-adicciones-la-provincia-llevara-la-prevencion-a-todas-las-escuelas-en-una-jornada-provincial-simultanea\/","title":{"rendered":"CHACO: Adicciones:  La Provincia Llevar\u00e1 La Prevenci\u00f3n A Todas Las Escuelas En Una Jornada Provincial Simult\u00e1nea"},"content":{"rendered":"\n<p>La iniciativa se implementar\u00e1 en todos los niveles y modalidades, desde primer grado hasta quinto a\u00f1o, y surge de la Ley Provincial N\u00b0 2525, impulsada por el actual ministro de Infraestructura, Hugo Dom\u00ednguez, cuando era diputado provincial en 2016, y articulada actualmente con el Ministerio de Educaci\u00f3n y el Programa Fortaleza.<\/p>\n\n\n\n<p>La propuesta alcanza a estudiantes y docentes de los distintos niveles y modalidades del sistema educativo, desde primer grado hasta quinto a\u00f1o, y contempla el abordaje de problem\u00e1ticas como drogadicci\u00f3n, alcoholismo, tabaquismo y ludopat\u00eda, entre otras. La jornada est\u00e1 establecida por la Ley Provincial N\u00b0 2525, sancionada en 2016 a partir de una iniciativa del entonces diputado provincial y actual ministro de Infraestructura, Obras y Servicios P\u00fablicos, Hugo Dom\u00ednguez. \u201cLlegamos a la conclusi\u00f3n de que la mejor manera de lograr la prevenci\u00f3n de las adicciones es trabajando con los mismos chicos, generando conciencia en ellos para que sean promotores, y para eso nos apoyamos en el sistema educativo\u201d, destac\u00f3 Dom\u00ednguez.<\/p>\n\n\n\n<p>El ministro consider\u00f3 que la puesta en marcha simult\u00e1nea de la iniciativa representa un hecho significativo para la provincia. \u201cSer\u00e1 una jornada hist\u00f3rica para generar el impacto que nos imaginamos cuando propusimos esta ley\u201d, afirm\u00f3.<\/p>\n\n\n\n<p>Una ley que ahora se transforma en pol\u00edtica p\u00fablica<\/p>\n\n\n\n<p>Dom\u00ednguez record\u00f3 que, si bien la normativa fue sancionada hace una d\u00e9cada, durante gestiones anteriores no recibi\u00f3 el impulso necesario para su implementaci\u00f3n. \u201cInsist\u00ed muchas veces con este tema en a\u00f1os anteriores, pero no encontr\u00e9 ninguna respuesta. Por eso estoy agradecido con el gobernador Zdero, que puso la problem\u00e1tica de las adicciones en el centro y gener\u00f3 las condiciones para poner en marcha estas jornadas\u201d, sostuvo.<\/p>\n\n\n\n<p>En este marco, destac\u00f3 adem\u00e1s el trabajo articulado con la coordinadora del Programa Fortaleza, Alejandra Castro; la senadora Silvana Schneider, impulsora del programa durante su gesti\u00f3n como vicegobernadora; y la ministra de Educaci\u00f3n, Sof\u00eda Naidenoff.<\/p>\n\n\n\n<p>La jornada ser\u00e1 coordinada por el Ministerio de Educaci\u00f3n del Chaco y buscar\u00e1 que cada comunidad educativa genere sus propios espacios de reflexi\u00f3n, participaci\u00f3n y debate, adaptando los contenidos a las edades y caracter\u00edsticas de los estudiantes.<\/p>\n\n\n\n<p>El Programa Fortaleza articula la propuesta<\/p>\n\n\n\n<p>Las Jornadas Provinciales sobre Adicciones estar\u00e1n articuladas con el Programa Fortaleza, una pol\u00edtica p\u00fablica del Gobierno provincial orientada a fortalecer la prevenci\u00f3n, el abordaje y la asistencia frente a los consumos problem\u00e1ticos.<\/p>\n\n\n\n<p>La iniciativa contempla un trabajo sostenido con las comunidades educativas, acercando herramientas y materiales para abordar la problem\u00e1tica desde una mirada integral, que no se limite a identificar factores de riesgo, sino que tambi\u00e9n permita fortalecer los factores protectores.<\/p>\n\n\n\n<p>La coordinadora del Programa Fortaleza, Alejandra Castro, explic\u00f3 que el trabajo preparatorio comenz\u00f3 en junio y que se viene desarrollando junto a estudiantes y docentes.<\/p>\n\n\n\n<p>\u201cCada primer lunes de septiembre, todos los estudiantes, en todas las escuelas de la provincia, tendr\u00e1n la consigna de trabajar sobre los consumos problem\u00e1ticos\u201d, se\u00f1al\u00f3.<\/p>\n\n\n\n<p>Castro explic\u00f3 que se facilitaron materiales y consignas para las diferentes \u00e1reas del sistema educativo, promoviendo que los propios estudiantes tengan un rol activo durante la jornada.<\/p>\n\n\n\n<p>\u201cBajamos consignas para Biolog\u00eda, M\u00fasica, Historia y todas las materias, para que no sea solo una jornada para hablar sobre los factores de riesgo, sino tambi\u00e9n sobre factores protectores, para escucharlos y que sean ellos los protagonistas\u201d, remarc\u00f3.<\/p>\n\n\n\n<p>La propuesta contempla adem\u00e1s la identificaci\u00f3n de referentes juveniles dentro de cada comunidad educativa, quienes tendr\u00e1n la responsabilidad de acompa\u00f1ar y llevar adelante las actividades previstas.<\/p>\n\n\n\n<p>El Gobierno provincial busca que la prevenci\u00f3n de los consumos problem\u00e1ticos sea abordada desde las aulas de manera transversal y participativa, fortaleciendo el di\u00e1logo entre estudiantes, docentes y familias y convirtiendo a las escuelas en espacios fundamentales para la prevenci\u00f3n.<\/p>\n","protected":false},"excerpt":{"rendered":"<p>03-Sep-26 El lunes 7 de septiembre, escuelas p\u00fablicas y privadas de toda la provincia desarrollar\u00e1n actividades de prevenci\u00f3n y concientizaci\u00f3n sobre consumos problem\u00e1ticos. <\/p>\n","protected":false},"author":3,"featured_media":382757,"comment_status":"closed","ping_status":"closed","sticky":false,"template":"","format":"standard","meta":[],"categories":[98],"tags":[],"_links":{"self":[{"href":"http:\/\/www.noticiasdelparana.com.ar\/NuevaEdicion\/wp-json\/wp\/v2\/posts\/382756"}],"collection":[{"href":"http:\/\/www.noticiasdelparana.com.ar\/NuevaEdicion\/wp-json\/wp\/v2\/posts"}],"about":[{"href":"http:\/\/www.noticiasdelparana.com.ar\/NuevaEdicion\/wp-json\/wp\/v2\/types\/post"}],"author":[{"embeddable":true,"href":"http:\/\/www.noticiasdelparana.com.ar\/NuevaEdicion\/wp-json\/wp\/v2\/users\/3"}],"replies":[{"embeddable":true,"href":"http:\/\/www.noticiasdelparana.com.ar\/NuevaEdicion\/wp-json\/wp\/v2\/comments?post=382756"}],"version-history":[{"count":1,"href":"http:\/\/www.noticiasdelparana.com.ar\/NuevaEdicion\/wp-json\/wp\/v2\/posts\/382756\/revisions"}],"predecessor-version":[{"id":382758,"href":"http:\/\/www.noticiasdelparana.com.ar\/NuevaEdicion\/wp-json\/wp\/v2\/posts\/382756\/revisions\/382758"}],"wp:featuredmedia":[{"embeddable":true,"href":"http:\/\/www.noticiasdelparana.com.ar\/NuevaEdicion\/wp-json\/wp\/v2\/media\/382757"}],"wp:attachment":[{"href":"http:\/\/www.noticiasdelparana.com.ar\/NuevaEdicion\/wp-json\/wp\/v2\/media?parent=382756"}],"wp:term":[{"taxonomy":"category","embeddable":true,"href":"http:\/\/www.noticiasdelparana.com.ar\/NuevaEdicion\/wp-json\/wp\/v2\/categories?post=382756"},{"taxonomy":"post_tag","embeddable":true,"href":"http:\/\/www.noticiasdelparana.com.ar\/NuevaEdicion\/wp-json\/wp\/v2\/tags?post=382756"}],"curies":[{"name":"wp","href":"https:\/\/api.w.org\/{rel}","templated":true}]}}