{"id":382759,"date":"2026-09-03T21:43:40","date_gmt":"2026-09-04T00:43:40","guid":{"rendered":"http:\/\/www.noticiasdelparana.com.ar\/NuevaEdicion\/?p=382759"},"modified":"2026-09-03T21:43:43","modified_gmt":"2026-09-04T00:43:43","slug":"puerto-tirol-recuperaron-electrodomesticos-durante-un-allanamiento-por-una-causa-de-hurto","status":"publish","type":"post","link":"http:\/\/www.noticiasdelparana.com.ar\/NuevaEdicion\/2026\/09\/03\/puerto-tirol-recuperaron-electrodomesticos-durante-un-allanamiento-por-una-causa-de-hurto\/","title":{"rendered":"PUERTO TIROL: Recuperaron Electrodom\u00e9sticos Durante Un Allanamiento Por Una Causa De Hurto"},"content":{"rendered":"\n<p>Durante la diligencia, que cont\u00f3 con la presencia de un Ayudante Fiscal, se realiz\u00f3 el acta de constataci\u00f3n y el croquis correspondiente. Adem\u00e1s, los agentes secuestraron diversos electrodom\u00e9sticos, artefactos comerciales, entre otros elementos de inter\u00e9s para la causa.<\/p>\n\n\n\n<p>Los elementos recuperados fueron entregados en car\u00e1cter de dep\u00f3sito judicial a la parte damnificada, conforme a las directivas de la autoridad judicial interviniente.<\/p>\n","protected":false},"excerpt":{"rendered":"<p>03-Sep-26 El procedimiento se realiz\u00f3 este mi\u00e9rcoles en el barrio Los Aromos, donde efectivos de la Comisar\u00eda Puerto Tirol, con apoyo de otras unidades, llevaron adelante una orden judicial en el marco de una investigaci\u00f3n por hurto.<\/p>\n","protected":false},"author":3,"featured_media":382760,"comment_status":"closed","ping_status":"closed","sticky":false,"template":"","format":"standard","meta":[],"categories":[100],"tags":[],"_links":{"self":[{"href":"http:\/\/www.noticiasdelparana.com.ar\/NuevaEdicion\/wp-json\/wp\/v2\/posts\/382759"}],"collection":[{"href":"http:\/\/www.noticiasdelparana.com.ar\/NuevaEdicion\/wp-json\/wp\/v2\/posts"}],"about":[{"href":"http:\/\/www.noticiasdelparana.com.ar\/NuevaEdicion\/wp-json\/wp\/v2\/types\/post"}],"author":[{"embeddable":true,"href":"http:\/\/www.noticiasdelparana.com.ar\/NuevaEdicion\/wp-json\/wp\/v2\/users\/3"}],"replies":[{"embeddable":true,"href":"http:\/\/www.noticiasdelparana.com.ar\/NuevaEdicion\/wp-json\/wp\/v2\/comments?post=382759"}],"version-history":[{"count":1,"href":"http:\/\/www.noticiasdelparana.com.ar\/NuevaEdicion\/wp-json\/wp\/v2\/posts\/382759\/revisions"}],"predecessor-version":[{"id":382761,"href":"http:\/\/www.noticiasdelparana.com.ar\/NuevaEdicion\/wp-json\/wp\/v2\/posts\/382759\/revisions\/382761"}],"wp:featuredmedia":[{"embeddable":true,"href":"http:\/\/www.noticiasdelparana.com.ar\/NuevaEdicion\/wp-json\/wp\/v2\/media\/382760"}],"wp:attachment":[{"href":"http:\/\/www.noticiasdelparana.com.ar\/NuevaEdicion\/wp-json\/wp\/v2\/media?parent=382759"}],"wp:term":[{"taxonomy":"category","embeddable":true,"href":"http:\/\/www.noticiasdelparana.com.ar\/NuevaEdicion\/wp-json\/wp\/v2\/categories?post=382759"},{"taxonomy":"post_tag","embeddable":true,"href":"http:\/\/www.noticiasdelparana.com.ar\/NuevaEdicion\/wp-json\/wp\/v2\/tags?post=382759"}],"curies":[{"name":"wp","href":"https:\/\/api.w.org\/{rel}","templated":true}]}}