{"id":382765,"date":"2026-09-03T22:04:32","date_gmt":"2026-09-04T01:04:32","guid":{"rendered":"http:\/\/www.noticiasdelparana.com.ar\/NuevaEdicion\/?p=382765"},"modified":"2026-09-03T22:04:37","modified_gmt":"2026-09-04T01:04:37","slug":"saenz-pena-esclarecieron-un-robo-a-una-soderia-y-recuperaron-herramientas","status":"publish","type":"post","link":"http:\/\/www.noticiasdelparana.com.ar\/NuevaEdicion\/2026\/09\/03\/saenz-pena-esclarecieron-un-robo-a-una-soderia-y-recuperaron-herramientas\/","title":{"rendered":"SAENZ PE\u00d1A: Esclarecieron Un Robo A Una Soder\u00eda Y Recuperaron Herramientas"},"content":{"rendered":"\n<p>Un robo ocurrido durante la madrugada en una soder\u00eda fue esclarecido hoy por efectivos de la Divisi\u00f3n Investigaciones Complejas de S\u00e1enz Pe\u00f1a.<\/p>\n\n\n\n<p>La investigaci\u00f3n comenz\u00f3 luego de que el propietario revisara las c\u00e1maras de seguridad y detectara el ingreso de un hombre al comercio, de donde sustrajo cables, herramientas y un decodificador.<\/p>\n\n\n\n<p>Tras analizar las im\u00e1genes y realizar averiguaciones en la zona, los agentes localizaron a dos sospechosos. Uno de ellos intent\u00f3 escapar, pero ambos fueron conducidos.<\/p>\n\n\n\n<p>Adem\u00e1s, secuestraron cables de prolongaci\u00f3n, herramientas, un cable de aproximadamente 35 metros y un bid\u00f3n con gasoil, elementos que ser\u00edan de inter\u00e9s para la causa.<\/p>\n\n\n\n<p>Finalmente, los conducidos y lo secuestrado fueron puestos a disposici\u00f3n de la Fiscal\u00eda de Investigaci\u00f3n Penal N.\u00ba 1, para luego ser alojados en la dependencia policial previo a ser examinados por el M\u00e9dico en Turno.<\/p>\n","protected":false},"excerpt":{"rendered":"<p>03-Sep-26 El hecho ocurri\u00f3 durante esta madrugada. Tras analizar las c\u00e1maras de seguridad y realizar tareas de investigaci\u00f3n, la Polic\u00eda identific\u00f3 a uno de los sospechosos y recuper\u00f3 varios elementos.<\/p>\n","protected":false},"author":3,"featured_media":382766,"comment_status":"closed","ping_status":"closed","sticky":false,"template":"","format":"standard","meta":[],"categories":[103],"tags":[],"_links":{"self":[{"href":"http:\/\/www.noticiasdelparana.com.ar\/NuevaEdicion\/wp-json\/wp\/v2\/posts\/382765"}],"collection":[{"href":"http:\/\/www.noticiasdelparana.com.ar\/NuevaEdicion\/wp-json\/wp\/v2\/posts"}],"about":[{"href":"http:\/\/www.noticiasdelparana.com.ar\/NuevaEdicion\/wp-json\/wp\/v2\/types\/post"}],"author":[{"embeddable":true,"href":"http:\/\/www.noticiasdelparana.com.ar\/NuevaEdicion\/wp-json\/wp\/v2\/users\/3"}],"replies":[{"embeddable":true,"href":"http:\/\/www.noticiasdelparana.com.ar\/NuevaEdicion\/wp-json\/wp\/v2\/comments?post=382765"}],"version-history":[{"count":1,"href":"http:\/\/www.noticiasdelparana.com.ar\/NuevaEdicion\/wp-json\/wp\/v2\/posts\/382765\/revisions"}],"predecessor-version":[{"id":382767,"href":"http:\/\/www.noticiasdelparana.com.ar\/NuevaEdicion\/wp-json\/wp\/v2\/posts\/382765\/revisions\/382767"}],"wp:featuredmedia":[{"embeddable":true,"href":"http:\/\/www.noticiasdelparana.com.ar\/NuevaEdicion\/wp-json\/wp\/v2\/media\/382766"}],"wp:attachment":[{"href":"http:\/\/www.noticiasdelparana.com.ar\/NuevaEdicion\/wp-json\/wp\/v2\/media?parent=382765"}],"wp:term":[{"taxonomy":"category","embeddable":true,"href":"http:\/\/www.noticiasdelparana.com.ar\/NuevaEdicion\/wp-json\/wp\/v2\/categories?post=382765"},{"taxonomy":"post_tag","embeddable":true,"href":"http:\/\/www.noticiasdelparana.com.ar\/NuevaEdicion\/wp-json\/wp\/v2\/tags?post=382765"}],"curies":[{"name":"wp","href":"https:\/\/api.w.org\/{rel}","templated":true}]}}