{"id":382768,"date":"2026-09-03T22:41:15","date_gmt":"2026-09-04T01:41:15","guid":{"rendered":"http:\/\/www.noticiasdelparana.com.ar\/NuevaEdicion\/?p=382768"},"modified":"2026-09-03T22:41:19","modified_gmt":"2026-09-04T01:41:19","slug":"chaco-nachec-suma-capacitaciones-y-amplia-su-oferta-de-oficios","status":"publish","type":"post","link":"http:\/\/www.noticiasdelparana.com.ar\/NuevaEdicion\/2026\/09\/03\/chaco-nachec-suma-capacitaciones-y-amplia-su-oferta-de-oficios\/","title":{"rendered":"CHACO: \u00d1achec Suma Capacitaciones Y Ampl\u00eda Su Oferta De Oficios"},"content":{"rendered":"\n<p>Se presentaron este jueves, nuevas capacitaciones en oficios, las que forman parte del Ciclo de Talleres \u00d1achec, destinadas a fortalecer la inclusi\u00f3n productiva y a generar herramientas concretas para que chaque\u00f1os puedan acceder a nuevas oportunidades laborales.<\/p>\n\n\n\n<p>La propuesta contempla cursos sin costo alguno para los beneficiarios, en los rubros: pintura para alba\u00f1iler\u00eda, marroquiner\u00eda en cuero y Buenas Pr\u00e1cticas de Manufactura (BPM), los que se suman a otras formaciones que ya se encuentran en marcha.<\/p>\n\n\n\n<p>El lanzamiento se realiz\u00f3 en el espacio de Talleres Formativos e Inclusi\u00f3n Productiva, ubicado en avenida 25 de Mayo 835 de Resistencia, tel. 3624183050,&nbsp; cont\u00f3 con el acompa\u00f1amiento del ministro de Desarrollo Humano Diego Guti\u00e9rrez; la subsecretaria de Pol\u00edticas Sociales Integrales \u00d1achec Tamara Silvestri; la jefa de Talleres Formativos e Inclusi\u00f3n Productiva Viviana Garc\u00eda; el secretario general de la UOCRA Ariel Ledesma con quien se firm\u00f3 un convenio; capacitadores y beneficiarios.<\/p>\n\n\n\n<p>Durante la presentaci\u00f3n, Guti\u00e9rrez destac\u00f3 que la iniciativa forma parte de un cambio de paradigma dentro del Ministerio de Desarrollo Humano, que busca ampliar su rol m\u00e1s all\u00e1 de la asistencia directa.<\/p>\n\n\n\n<p>\u201cTransformar significa so\u00f1ar, significa esperanza\u201d, sostuvo el ministro, y remarc\u00f3 que el objetivo es acompa\u00f1ar a los chaque\u00f1os para que puedan construir herramientas que les permitan mejorar sus condiciones de vida. \u201cTenemos la obligaci\u00f3n de generar esas herramientas desde el Gobierno Provincial y claramente esto que estamos haciendo hoy, es un paso grande en ese sentido\u201d, se\u00f1al\u00f3.<\/p>\n\n\n\n<p>El ministro plante\u00f3 que el desaf\u00edo consiste en que las capacitaciones no queden solamente en la adquisici\u00f3n de conocimientos, sino que puedan convertirse en una puerta de entrada al mercado laboral. \u201cOjal\u00e1 que podamos entre todos lograr que esa sea una nueva oportunidad. Es decir, transformar las esperanzas en trabajo digno\u201d, expres\u00f3.<\/p>\n\n\n\n<p>SALIDA LABORAL<\/p>\n\n\n\n<p>A su turno, la subsecretaria de Pol\u00edticas Sociales Integrales \u00d1achec, Tamara Silvestri, destac\u00f3 la importancia de ofrecer capacitaciones vinculadas con oficios que puedan convertirse r\u00e1pidamente en alternativas de generaci\u00f3n de ingresos. Remarc\u00f3 que la iniciativa apunta especialmente a que los conocimientos adquiridos tengan una aplicaci\u00f3n concreta. \u201cPara nosotros es una alegr\u00eda poder estar dando este tipo de capacitaciones en oficios para nuestra comunidad del Chaco\u201d, expres\u00f3.<\/p>\n\n\n\n<p>En ese sentido, destac\u00f3 la articulaci\u00f3n con el programa Impulsar Chaco y otras \u00e1reas gubernamentales para acompa\u00f1ar a quienes completen las formaciones.<\/p>\n\n\n\n<p>\u201cEsto permite que los que salgan de estas capacitaciones puedan encontrar de manera r\u00e1pida una salida laboral\u201d, afirm\u00f3.<\/p>\n\n\n\n<p>La funcionaria explic\u00f3 que la definici\u00f3n de los cursos surge de relevamientos, planificaci\u00f3n y tambi\u00e9n de demandas que se reciben desde las comunidades. \u201cLas necesidades las vamos notando nosotros, a partir de las visitas que realizamos con los equipos \u00d1achec en el territorio y de las propuestas de la gente\u201d, se\u00f1al\u00f3.<\/p>\n\n\n\n<p>Por su parte, la jefa del Departamento Talleres Formativos e Inclusi\u00f3n Productiva, Viviana Garc\u00eda, puso el foco en el acompa\u00f1amiento que se brinda a quienes participan de los cursos y en la articulaci\u00f3n entre el Estado y las instituciones como la UOCRA que aportan sus conocimientos. \u201cLa idea siempre es poder acompa\u00f1ar, escuchar y generar estas oportunidades a trav\u00e9s de la capacitaci\u00f3n y la inclusi\u00f3n\u201d, explic\u00f3. Garc\u00eda sostuvo que conocer las necesidades de los participantes, permite dise\u00f1ar nuevas propuestas y fortalecer las pol\u00edticas de formaci\u00f3n.<\/p>\n\n\n\n<p>Mientras que el secretario general de la UOCRA, Ariel Ledesma, destac\u00f3 el convenio con Desarrollo Humano y la posibilidad de ampliar las capacitaciones en oficios para personas desde los 16 a\u00f1os. \u201cEs muy importante porque es un primer gran paso que vamos a dar\u201d, sostuvo, y se\u00f1al\u00f3 que la organizaci\u00f3n sindical ya trabaja en conjunto con otras \u00e1reas del Gobierno provincial.<\/p>\n\n\n\n<p>Ledesma explic\u00f3 que el objetivo es que las personas capacitadas puedan convertirse en mano de obra especializada para cuando las empresas requieran trabajadores. \u201cEs muy importante que tengan oportunidades de tener nuevas alternativas laborales\u201d, afirm\u00f3.<\/p>\n\n\n\n<p>VOCES DE BENEFICIARIAS<\/p>\n\n\n\n<p>Entre quienes participan de estas propuestas, la posibilidad de aprender un oficio aparece como una herramienta concreta frente a la falta de empleo y como una alternativa para generar ingresos desde el hogar.<\/p>\n\n\n\n<p>Mar\u00eda Ojeda, quien actualmente realiza una capacitaci\u00f3n de costura, cont\u00f3 que encontr\u00f3 en estos talleres una oportunidad para desarrollar un emprendimiento. \u201cme vino bien porque estoy haciendo almohadones y otras piezas para poder aportar ingresos al hogar\u201d, relat\u00f3. Tambi\u00e9n valor\u00f3 la posibilidad de acceder a m\u00e1quinas y herramientas, que de otro modo ser\u00edan dif\u00edciles de conseguir. \u201cPor ah\u00ed no tenemos la oportunidad de poder tener estas m\u00e1quinas para hacer los trabajos y as\u00ed emprender\u201d, explic\u00f3.<\/p>\n\n\n\n<p>Por su parte, Griselda \u00c1valos, quien es pensionada y ya cuenta con una m\u00e1quina de coser en su casa, destac\u00f3 que la capacitaci\u00f3n le permite ampliar sus conocimientos y generar una entrada econ\u00f3mica. \u201cEs una salida laboral porque yo soy pensionada y entonces con eso trabajo en mi casa\u201d, cont\u00f3.<\/p>\n\n\n\n<p>Otra de las beneficiarias, Anal\u00eda Almir\u00f3n cont\u00f3 que se incorporar\u00e1 a la capacitaci\u00f3n de marroquiner\u00eda, porque ya tiene experiencia en costura. \u201cEs algo que uno puede hacer en su casa y tambi\u00e9n para tu grupo familiar\u201d, concluy\u00f3.<\/p>\n","protected":false},"excerpt":{"rendered":"<p>03-Sep-26   El Ministerio de Desarrollo Humano lanz\u00f3 nuevas formaciones \u00d1achec en oficios con el objetivo de generar oportunidades laborales e inclusi\u00f3n productiva.<\/p>\n","protected":false},"author":3,"featured_media":382769,"comment_status":"closed","ping_status":"closed","sticky":false,"template":"","format":"standard","meta":[],"categories":[98],"tags":[],"_links":{"self":[{"href":"http:\/\/www.noticiasdelparana.com.ar\/NuevaEdicion\/wp-json\/wp\/v2\/posts\/382768"}],"collection":[{"href":"http:\/\/www.noticiasdelparana.com.ar\/NuevaEdicion\/wp-json\/wp\/v2\/posts"}],"about":[{"href":"http:\/\/www.noticiasdelparana.com.ar\/NuevaEdicion\/wp-json\/wp\/v2\/types\/post"}],"author":[{"embeddable":true,"href":"http:\/\/www.noticiasdelparana.com.ar\/NuevaEdicion\/wp-json\/wp\/v2\/users\/3"}],"replies":[{"embeddable":true,"href":"http:\/\/www.noticiasdelparana.com.ar\/NuevaEdicion\/wp-json\/wp\/v2\/comments?post=382768"}],"version-history":[{"count":1,"href":"http:\/\/www.noticiasdelparana.com.ar\/NuevaEdicion\/wp-json\/wp\/v2\/posts\/382768\/revisions"}],"predecessor-version":[{"id":382770,"href":"http:\/\/www.noticiasdelparana.com.ar\/NuevaEdicion\/wp-json\/wp\/v2\/posts\/382768\/revisions\/382770"}],"wp:featuredmedia":[{"embeddable":true,"href":"http:\/\/www.noticiasdelparana.com.ar\/NuevaEdicion\/wp-json\/wp\/v2\/media\/382769"}],"wp:attachment":[{"href":"http:\/\/www.noticiasdelparana.com.ar\/NuevaEdicion\/wp-json\/wp\/v2\/media?parent=382768"}],"wp:term":[{"taxonomy":"category","embeddable":true,"href":"http:\/\/www.noticiasdelparana.com.ar\/NuevaEdicion\/wp-json\/wp\/v2\/categories?post=382768"},{"taxonomy":"post_tag","embeddable":true,"href":"http:\/\/www.noticiasdelparana.com.ar\/NuevaEdicion\/wp-json\/wp\/v2\/tags?post=382768"}],"curies":[{"name":"wp","href":"https:\/\/api.w.org\/{rel}","templated":true}]}}