{"id":382771,"date":"2026-09-04T07:07:33","date_gmt":"2026-09-04T10:07:33","guid":{"rendered":"http:\/\/www.noticiasdelparana.com.ar\/NuevaEdicion\/?p=382771"},"modified":"2026-09-04T07:07:39","modified_gmt":"2026-09-04T10:07:39","slug":"resistencia-golpearon-a-un-policia-e-intentaron-lesionarlo-con-un-cuchillo-terminaron-detenidos","status":"publish","type":"post","link":"http:\/\/www.noticiasdelparana.com.ar\/NuevaEdicion\/2026\/09\/04\/resistencia-golpearon-a-un-policia-e-intentaron-lesionarlo-con-un-cuchillo-terminaron-detenidos\/","title":{"rendered":"RESISTENCIA: Golpearon A Un Polic\u00eda E Intentaron Lesionarlo Con Un Cuchillo: Terminaron Detenidos"},"content":{"rendered":"\n<p>Hoy, pasadas las 14, efectivos de la Divisi\u00f3n Patrulla Preventiva intervinieron ante un desorden registrado en la v\u00eda p\u00fablica y demoraron a dos personas, quienes ten\u00edan en su poder una resortera de fabricaci\u00f3n casera y un cuchillo.<\/p>\n\n\n\n<p>El procedimiento se llev\u00f3 a cabo, en inmediaciones del barrio Bettina Vazquez, en el pasaje Fotheringham al 3500 aproximadamente, donde vecinos llamaron por un hombre causando desorden.<\/p>\n\n\n\n<p>Al llegar al lugar, los uniformados observaron a un hombre alterado y vociferando en la v\u00eda p\u00fablica, al intentar dialogar con \u00e9l, este le propin\u00f3 un golpe en la cara a un sargento primero y posteriormente lo agredi\u00f3 con un cuchillo. Tras una breve fuga, fue localizado cuando intentaba ingresar a un inmueble y finalmente demorado.<\/p>\n\n\n\n<p>En ese momento, un adolescente se acerc\u00f3 e intent\u00f3 agredirlos, por lo que tambi\u00e9n fue demorado. Durante la intervenci\u00f3n, secuestraron una resortera de fabricaci\u00f3n casera, de madera y con tiras de goma, adem\u00e1s de un cuchillo de aproximadamente 10 cent\u00edmetros.<\/p>\n\n\n\n<p>Finalmente, por disposici\u00f3n de la magistratura interviniente, ambos fueron trasladados a la Comisar\u00eda Decimocuarta por motivos de jurisdicci\u00f3n, junto con los elementos secuestrados, quedando a disposici\u00f3n de la Justicia en el marco de la causa \u201cSupuesto Atentado y Resistencia Contra la Autoridad y Lesiones Leves\u201d.<\/p>\n","protected":false},"excerpt":{"rendered":"<p>04-Sep-26 El hecho ocurri\u00f3 en un barrio de la zona sur de la ciudad.<\/p>\n","protected":false},"author":3,"featured_media":382772,"comment_status":"closed","ping_status":"closed","sticky":false,"template":"","format":"standard","meta":[],"categories":[103],"tags":[],"_links":{"self":[{"href":"http:\/\/www.noticiasdelparana.com.ar\/NuevaEdicion\/wp-json\/wp\/v2\/posts\/382771"}],"collection":[{"href":"http:\/\/www.noticiasdelparana.com.ar\/NuevaEdicion\/wp-json\/wp\/v2\/posts"}],"about":[{"href":"http:\/\/www.noticiasdelparana.com.ar\/NuevaEdicion\/wp-json\/wp\/v2\/types\/post"}],"author":[{"embeddable":true,"href":"http:\/\/www.noticiasdelparana.com.ar\/NuevaEdicion\/wp-json\/wp\/v2\/users\/3"}],"replies":[{"embeddable":true,"href":"http:\/\/www.noticiasdelparana.com.ar\/NuevaEdicion\/wp-json\/wp\/v2\/comments?post=382771"}],"version-history":[{"count":1,"href":"http:\/\/www.noticiasdelparana.com.ar\/NuevaEdicion\/wp-json\/wp\/v2\/posts\/382771\/revisions"}],"predecessor-version":[{"id":382773,"href":"http:\/\/www.noticiasdelparana.com.ar\/NuevaEdicion\/wp-json\/wp\/v2\/posts\/382771\/revisions\/382773"}],"wp:featuredmedia":[{"embeddable":true,"href":"http:\/\/www.noticiasdelparana.com.ar\/NuevaEdicion\/wp-json\/wp\/v2\/media\/382772"}],"wp:attachment":[{"href":"http:\/\/www.noticiasdelparana.com.ar\/NuevaEdicion\/wp-json\/wp\/v2\/media?parent=382771"}],"wp:term":[{"taxonomy":"category","embeddable":true,"href":"http:\/\/www.noticiasdelparana.com.ar\/NuevaEdicion\/wp-json\/wp\/v2\/categories?post=382771"},{"taxonomy":"post_tag","embeddable":true,"href":"http:\/\/www.noticiasdelparana.com.ar\/NuevaEdicion\/wp-json\/wp\/v2\/tags?post=382771"}],"curies":[{"name":"wp","href":"https:\/\/api.w.org\/{rel}","templated":true}]}}