{"id":382774,"date":"2026-09-04T07:09:50","date_gmt":"2026-09-04T10:09:50","guid":{"rendered":"http:\/\/www.noticiasdelparana.com.ar\/NuevaEdicion\/?p=382774"},"modified":"2026-09-04T07:09:55","modified_gmt":"2026-09-04T10:09:55","slug":"tres-isletas-detuvieron-a-un-hombre-buscado-por-una-causa-de-abuso-sexual-en-buenos-aires","status":"publish","type":"post","link":"http:\/\/www.noticiasdelparana.com.ar\/NuevaEdicion\/2026\/09\/04\/tres-isletas-detuvieron-a-un-hombre-buscado-por-una-causa-de-abuso-sexual-en-buenos-aires\/","title":{"rendered":"TRES ISLETAS: Detuvieron A Un Hombre Buscado Por Una Causa De Abuso Sexual En Buenos Aires"},"content":{"rendered":"\n<p>Los investigadores desplegaron las tareas investigativas tras el pedido de colaboraci\u00f3n de la Subdelegaci\u00f3n Departamental de Investigaciones Baradero-San Miguel, en la que solicitaron la inmediata detenci\u00f3n del hombre, sindicado como presunto autor de un abuso sexual.<\/p>\n\n\n\n<p>Tras distintas pr\u00e1cticas de recaudaci\u00f3n de informaci\u00f3n los agentes establecieron el domicilio donde se encontrar\u00eda el buscado, viv\u00eda en un una vivienda del paraje Lalelay. Con las precauciones correspondientes, se dirigieron hasta el lugar y concretaron su aprehensi\u00f3n.<\/p>\n\n\n\n<p>El hombre de 31 a\u00f1os fue conducido primeramente hasta el hospital local para su examen m\u00e9dico y luego a la dependencia policial de Juan Jos\u00e9 Castelli, donde qued\u00f3 a disposici\u00f3n de la Justicia interviniente y notificado de su aprehensi\u00f3n por la causa Supuesto Abuso Sexual Con Acceso Carnal.<\/p>\n","protected":false},"excerpt":{"rendered":"<p>04-Sep-26 Intervino la Divisi\u00f3n Investigaciones Complejas Interior Castelli, localizaron al hombre en el paraje Lalelay y lo pusieron ante la justicia.<\/p>\n","protected":false},"author":3,"featured_media":382775,"comment_status":"closed","ping_status":"closed","sticky":false,"template":"","format":"standard","meta":[],"categories":[103],"tags":[],"_links":{"self":[{"href":"http:\/\/www.noticiasdelparana.com.ar\/NuevaEdicion\/wp-json\/wp\/v2\/posts\/382774"}],"collection":[{"href":"http:\/\/www.noticiasdelparana.com.ar\/NuevaEdicion\/wp-json\/wp\/v2\/posts"}],"about":[{"href":"http:\/\/www.noticiasdelparana.com.ar\/NuevaEdicion\/wp-json\/wp\/v2\/types\/post"}],"author":[{"embeddable":true,"href":"http:\/\/www.noticiasdelparana.com.ar\/NuevaEdicion\/wp-json\/wp\/v2\/users\/3"}],"replies":[{"embeddable":true,"href":"http:\/\/www.noticiasdelparana.com.ar\/NuevaEdicion\/wp-json\/wp\/v2\/comments?post=382774"}],"version-history":[{"count":1,"href":"http:\/\/www.noticiasdelparana.com.ar\/NuevaEdicion\/wp-json\/wp\/v2\/posts\/382774\/revisions"}],"predecessor-version":[{"id":382776,"href":"http:\/\/www.noticiasdelparana.com.ar\/NuevaEdicion\/wp-json\/wp\/v2\/posts\/382774\/revisions\/382776"}],"wp:featuredmedia":[{"embeddable":true,"href":"http:\/\/www.noticiasdelparana.com.ar\/NuevaEdicion\/wp-json\/wp\/v2\/media\/382775"}],"wp:attachment":[{"href":"http:\/\/www.noticiasdelparana.com.ar\/NuevaEdicion\/wp-json\/wp\/v2\/media?parent=382774"}],"wp:term":[{"taxonomy":"category","embeddable":true,"href":"http:\/\/www.noticiasdelparana.com.ar\/NuevaEdicion\/wp-json\/wp\/v2\/categories?post=382774"},{"taxonomy":"post_tag","embeddable":true,"href":"http:\/\/www.noticiasdelparana.com.ar\/NuevaEdicion\/wp-json\/wp\/v2\/tags?post=382774"}],"curies":[{"name":"wp","href":"https:\/\/api.w.org\/{rel}","templated":true}]}}