{"id":382777,"date":"2026-09-04T07:11:39","date_gmt":"2026-09-04T10:11:39","guid":{"rendered":"http:\/\/www.noticiasdelparana.com.ar\/NuevaEdicion\/?p=382777"},"modified":"2026-09-04T07:11:44","modified_gmt":"2026-09-04T10:11:44","slug":"quitilipi-localizaron-su-telefono-y-lo-devolvieron","status":"publish","type":"post","link":"http:\/\/www.noticiasdelparana.com.ar\/NuevaEdicion\/2026\/09\/04\/quitilipi-localizaron-su-telefono-y-lo-devolvieron\/","title":{"rendered":"QUITILIPI: Localizaron Su Tel\u00e9fono Y Lo Devolvieron"},"content":{"rendered":"\n<p>Los efectivos del Cuerpo de Operaciones Motorizadas fueron alertados por un hombre de 31 a\u00f1os, inform\u00f3 que extravi\u00f3 su tel\u00e9fono en una cancha de F\u00fatbol, pero tras las visualizaciones de las c\u00e1maras de seguridad del lugar los efectivos pudieron identificar a quien lo tom\u00f3.<\/p>\n\n\n\n<p>Luego de patrullajes investigativos supieron que el joven que hab\u00eda tomado el tel\u00e9fono viv\u00eda en el barrio Quinta 49 de la localidad, se dirigieron al lugar y all\u00ed se entrevistaron con una mujer que hizo entrega voluntaria ya que su hijo lo hab\u00eda encontrado y lo resguard\u00f3.<\/p>\n\n\n\n<p>Tras las actuaciones pertinentes los uniformados regresaron el tel\u00e9fono celular a su due\u00f1o que agradeci\u00f3 la eficacia policial.<\/p>\n","protected":false},"excerpt":{"rendered":"<p>04-Sep-26 Un ciudadano inform\u00f3 que extravi\u00f3 su celular, pero tras la investigaci\u00f3n de los agentes lo localizaron y lo devolvieron.<\/p>\n","protected":false},"author":3,"featured_media":382778,"comment_status":"closed","ping_status":"closed","sticky":false,"template":"","format":"standard","meta":[],"categories":[103],"tags":[],"_links":{"self":[{"href":"http:\/\/www.noticiasdelparana.com.ar\/NuevaEdicion\/wp-json\/wp\/v2\/posts\/382777"}],"collection":[{"href":"http:\/\/www.noticiasdelparana.com.ar\/NuevaEdicion\/wp-json\/wp\/v2\/posts"}],"about":[{"href":"http:\/\/www.noticiasdelparana.com.ar\/NuevaEdicion\/wp-json\/wp\/v2\/types\/post"}],"author":[{"embeddable":true,"href":"http:\/\/www.noticiasdelparana.com.ar\/NuevaEdicion\/wp-json\/wp\/v2\/users\/3"}],"replies":[{"embeddable":true,"href":"http:\/\/www.noticiasdelparana.com.ar\/NuevaEdicion\/wp-json\/wp\/v2\/comments?post=382777"}],"version-history":[{"count":1,"href":"http:\/\/www.noticiasdelparana.com.ar\/NuevaEdicion\/wp-json\/wp\/v2\/posts\/382777\/revisions"}],"predecessor-version":[{"id":382779,"href":"http:\/\/www.noticiasdelparana.com.ar\/NuevaEdicion\/wp-json\/wp\/v2\/posts\/382777\/revisions\/382779"}],"wp:featuredmedia":[{"embeddable":true,"href":"http:\/\/www.noticiasdelparana.com.ar\/NuevaEdicion\/wp-json\/wp\/v2\/media\/382778"}],"wp:attachment":[{"href":"http:\/\/www.noticiasdelparana.com.ar\/NuevaEdicion\/wp-json\/wp\/v2\/media?parent=382777"}],"wp:term":[{"taxonomy":"category","embeddable":true,"href":"http:\/\/www.noticiasdelparana.com.ar\/NuevaEdicion\/wp-json\/wp\/v2\/categories?post=382777"},{"taxonomy":"post_tag","embeddable":true,"href":"http:\/\/www.noticiasdelparana.com.ar\/NuevaEdicion\/wp-json\/wp\/v2\/tags?post=382777"}],"curies":[{"name":"wp","href":"https:\/\/api.w.org\/{rel}","templated":true}]}}