{"id":382786,"date":"2026-09-04T07:17:25","date_gmt":"2026-09-04T10:17:25","guid":{"rendered":"http:\/\/www.noticiasdelparana.com.ar\/NuevaEdicion\/?p=382786"},"modified":"2026-09-04T07:17:52","modified_gmt":"2026-09-04T10:17:52","slug":"resistencia-detuvieron-a-un-hombre-por-el-hurto-de-una-valija-con-dinero-y-pertenencias","status":"publish","type":"post","link":"http:\/\/www.noticiasdelparana.com.ar\/NuevaEdicion\/2026\/09\/04\/resistencia-detuvieron-a-un-hombre-por-el-hurto-de-una-valija-con-dinero-y-pertenencias\/","title":{"rendered":"RESISTENCIA: Detuvieron A Un Hombre Por El Hurto De Una Valija Con Dinero Y Pertenencias"},"content":{"rendered":"\n<p>El il\u00edcito fue denunciado el fin de semana, cuando un hombre de 64 a\u00f1os denunci\u00f3 que dej\u00f3 estacionado su autom\u00f3vil frente a su domicilio con el ba\u00fal abierto. Mientras se encontraba dentro de la vivienda, un desconocido habr\u00eda sustra\u00eddo una valija con prendas de vestir, calzados y otros elementos, adem\u00e1s de una importante suma de dinero en d\u00f3lares.<\/p>\n\n\n\n<p>Con la informaci\u00f3n aportada, los efectivos del Servicio Externo analizaron c\u00e1maras de seguridad de la zona, realizaron entrevistas y recabaron datos de los vecinos y de esta manera, obtuvieron las caracter\u00edsticas del presunto autor y se tratar\u00eda de una persona en situaci\u00f3n de calle que frecuentaba la zona.<\/p>\n\n\n\n<p>Luego los efectivos realizaron tareas de vigilancia discreta en inmediaciones de un comedor comunitario, donde finalmente localizaron al sospechoso. Al momento de su demora, presentaba caracter\u00edsticas y vestimenta que coincid\u00edan con las observadas en las im\u00e1genes de las c\u00e1maras.<\/p>\n\n\n\n<p>El hombre fue trasladado a la dependencia policial y por disposici\u00f3n de la Fiscal\u00eda interviniente, qued\u00f3 aprehendido en la causa por supuesto hurto. Adem\u00e1s, se secuestraron una campera negra, un pantal\u00f3n de jean azul y un par de zapatillas negras, prendas que ser\u00edan las mismas utilizadas durante el hecho.<\/p>\n\n\n\n<p>Las investigaciones contin\u00faan para determinar el destino de los dem\u00e1s elementos sustra\u00eddos.<\/p>\n","protected":false},"excerpt":{"rendered":"<p>04-Sep-26 El hecho hab\u00eda ocurrido d\u00edas atr\u00e1s en el barrio Bancario. La investigaci\u00f3n permiti\u00f3 identificar al presunto autor y secuestrar prendas que habr\u00eda utilizado al momento del il\u00edcito.<\/p>\n","protected":false},"author":3,"featured_media":382787,"comment_status":"closed","ping_status":"closed","sticky":false,"template":"","format":"standard","meta":[],"categories":[103],"tags":[],"_links":{"self":[{"href":"http:\/\/www.noticiasdelparana.com.ar\/NuevaEdicion\/wp-json\/wp\/v2\/posts\/382786"}],"collection":[{"href":"http:\/\/www.noticiasdelparana.com.ar\/NuevaEdicion\/wp-json\/wp\/v2\/posts"}],"about":[{"href":"http:\/\/www.noticiasdelparana.com.ar\/NuevaEdicion\/wp-json\/wp\/v2\/types\/post"}],"author":[{"embeddable":true,"href":"http:\/\/www.noticiasdelparana.com.ar\/NuevaEdicion\/wp-json\/wp\/v2\/users\/3"}],"replies":[{"embeddable":true,"href":"http:\/\/www.noticiasdelparana.com.ar\/NuevaEdicion\/wp-json\/wp\/v2\/comments?post=382786"}],"version-history":[{"count":1,"href":"http:\/\/www.noticiasdelparana.com.ar\/NuevaEdicion\/wp-json\/wp\/v2\/posts\/382786\/revisions"}],"predecessor-version":[{"id":382788,"href":"http:\/\/www.noticiasdelparana.com.ar\/NuevaEdicion\/wp-json\/wp\/v2\/posts\/382786\/revisions\/382788"}],"wp:featuredmedia":[{"embeddable":true,"href":"http:\/\/www.noticiasdelparana.com.ar\/NuevaEdicion\/wp-json\/wp\/v2\/media\/382787"}],"wp:attachment":[{"href":"http:\/\/www.noticiasdelparana.com.ar\/NuevaEdicion\/wp-json\/wp\/v2\/media?parent=382786"}],"wp:term":[{"taxonomy":"category","embeddable":true,"href":"http:\/\/www.noticiasdelparana.com.ar\/NuevaEdicion\/wp-json\/wp\/v2\/categories?post=382786"},{"taxonomy":"post_tag","embeddable":true,"href":"http:\/\/www.noticiasdelparana.com.ar\/NuevaEdicion\/wp-json\/wp\/v2\/tags?post=382786"}],"curies":[{"name":"wp","href":"https:\/\/api.w.org\/{rel}","templated":true}]}}