{"id":382792,"date":"2026-09-04T09:06:36","date_gmt":"2026-09-04T12:06:36","guid":{"rendered":"http:\/\/www.noticiasdelparana.com.ar\/NuevaEdicion\/?p=382792"},"modified":"2026-09-04T10:37:12","modified_gmt":"2026-09-04T13:37:12","slug":"corrientes-inicia-el-juicio-por-milagros-espinoza-una-menor-de-14-anos-que-fue-violada-y-asesinada","status":"publish","type":"post","link":"http:\/\/www.noticiasdelparana.com.ar\/NuevaEdicion\/2026\/09\/04\/corrientes-inicia-el-juicio-por-milagros-espinoza-una-menor-de-14-anos-que-fue-violada-y-asesinada\/","title":{"rendered":"CORRIENTES: Inicia El Juicio Por Milagros Espinoza Una Menor De 14 A\u00f1os Que Fue Violada Y Asesinada"},"content":{"rendered":"\n<p>Este lunes 7 de septiembre iniciar\u00e1 el juicio oral por la espeluznante muerte de Milagros Ramona Espinoza la adolescente de 14 a\u00f1os violada y asesinada en mayo del 2024 en Monte Caseros.<\/p>\n\n\n\n<p>Las audiencias se llevar\u00e1n a cabo en Tribunal de Juicio de Paso de los Libres, donde ser\u00e1n juzgados tres hermanos a quienes conoc\u00edan como \u201clos porte\u00f1os\u201d.<\/p>\n\n\n\n<p>El cuerpo semidesnuda de la chica fue hallado cuando flotaba en aguas de un arroyo conocido como \u201cLa Rana\u201d, en inmediaciones del barrio La Florida.<\/p>\n\n\n\n<p>La situaci\u00f3n deriv\u00f3 en una amplia investigaci\u00f3n que concluy\u00f3 con la formal acusaci\u00f3n hacia Cristian Jonathan Esp\u00edndola, Jorge David Esp\u00edndola y Nicol\u00e1s Agust\u00edn Esp\u00edndola.&nbsp;<\/p>\n\n\n\n<p>De acuerdo con la hip\u00f3tesis sostenida por la Fiscal\u00eda y la querella, los hechos habr\u00edan ocurrido entre las 2:30 y las 5:00 de aquella madrugada, en una vivienda ubicada en un asentamiento pr\u00f3ximo a la continuaci\u00f3n oeste de avenida Juan Pujol.<\/p>\n\n\n\n<p>La acusaci\u00f3n sostiene que Milagros habr\u00eda sido v\u00edctima de abuso sexual antes de ser asesinada y entre las evidencias m\u00e9dico-forenses incorporados al expediente se mencionan un traumatismo craneal, una lesi\u00f3n punzopenetrante en la zona de las costillas derechas, un desgarro vaginal, entre otras.<\/p>\n\n\n\n<p>Sobre los imputados, el caso de Cristian Jonathan y Jorge David Esp\u00edndola, est\u00e1n acusados como autores de abuso sexual seguido de muerte, mientras que a Nicol\u00e1s Agust\u00edn Esp\u00edndola se le atribuye una participaci\u00f3n secundaria.<\/p>\n\n\n\n<p>La madre de Milagros, Nicasia Caballero, participa como querellante y actualmente es representada por la Dra. Soledad M. Ifr\u00e1n.<\/p>\n","protected":false},"excerpt":{"rendered":"<p>04-Sep-26 Ocurri\u00f3 en mayo del 2024 en Monte Caseros, por el cual ser\u00e1n juzgados tres hermanos conocidos como \u201clos porte\u00f1os\u201d.<\/p>\n","protected":false},"author":3,"featured_media":382793,"comment_status":"closed","ping_status":"closed","sticky":false,"template":"","format":"standard","meta":[],"categories":[139],"tags":[],"_links":{"self":[{"href":"http:\/\/www.noticiasdelparana.com.ar\/NuevaEdicion\/wp-json\/wp\/v2\/posts\/382792"}],"collection":[{"href":"http:\/\/www.noticiasdelparana.com.ar\/NuevaEdicion\/wp-json\/wp\/v2\/posts"}],"about":[{"href":"http:\/\/www.noticiasdelparana.com.ar\/NuevaEdicion\/wp-json\/wp\/v2\/types\/post"}],"author":[{"embeddable":true,"href":"http:\/\/www.noticiasdelparana.com.ar\/NuevaEdicion\/wp-json\/wp\/v2\/users\/3"}],"replies":[{"embeddable":true,"href":"http:\/\/www.noticiasdelparana.com.ar\/NuevaEdicion\/wp-json\/wp\/v2\/comments?post=382792"}],"version-history":[{"count":2,"href":"http:\/\/www.noticiasdelparana.com.ar\/NuevaEdicion\/wp-json\/wp\/v2\/posts\/382792\/revisions"}],"predecessor-version":[{"id":382826,"href":"http:\/\/www.noticiasdelparana.com.ar\/NuevaEdicion\/wp-json\/wp\/v2\/posts\/382792\/revisions\/382826"}],"wp:featuredmedia":[{"embeddable":true,"href":"http:\/\/www.noticiasdelparana.com.ar\/NuevaEdicion\/wp-json\/wp\/v2\/media\/382793"}],"wp:attachment":[{"href":"http:\/\/www.noticiasdelparana.com.ar\/NuevaEdicion\/wp-json\/wp\/v2\/media?parent=382792"}],"wp:term":[{"taxonomy":"category","embeddable":true,"href":"http:\/\/www.noticiasdelparana.com.ar\/NuevaEdicion\/wp-json\/wp\/v2\/categories?post=382792"},{"taxonomy":"post_tag","embeddable":true,"href":"http:\/\/www.noticiasdelparana.com.ar\/NuevaEdicion\/wp-json\/wp\/v2\/tags?post=382792"}],"curies":[{"name":"wp","href":"https:\/\/api.w.org\/{rel}","templated":true}]}}