{"id":382801,"date":"2026-09-04T09:28:35","date_gmt":"2026-09-04T12:28:35","guid":{"rendered":"http:\/\/www.noticiasdelparana.com.ar\/NuevaEdicion\/?p=382801"},"modified":"2026-09-04T10:36:31","modified_gmt":"2026-09-04T13:36:31","slug":"corrientes-tras-un-choque-multiple-un-automovil-acabo-en-un-zanjon","status":"publish","type":"post","link":"http:\/\/www.noticiasdelparana.com.ar\/NuevaEdicion\/2026\/09\/04\/corrientes-tras-un-choque-multiple-un-automovil-acabo-en-un-zanjon\/","title":{"rendered":"CORRIENTES: Tras Un Choque M\u00faltiple Un Autom\u00f3vil Acab\u00f3 En Un Zanj\u00f3n"},"content":{"rendered":"\n<p>Un choque m\u00faltiple ocurrido alrededor de las 13 de este jueves en el acceso a Saladas, termin\u00f3 con un autom\u00f3vil en un canal de desag\u00fce, aunque por fortuna no hubo lesionados.<\/p>\n\n\n\n<p>Los protagonistas fueron un Volkswagen Gol que sal\u00eda de la Escuela 758, un Chevrolet Joy que proven\u00eda de Concepci\u00f3n y una camioneta Toyota Hilux que sal\u00eda de la Saladas, seg\u00fan detallaron fuentes del caso.<\/p>\n\n\n\n<p>Seg\u00fan describieron testigos, el Chevrolet blanco pretend\u00eda ingresar a Saladas y aparentemente avanzaba r\u00e1pido, y en ese momento se encontr\u00f3 con el Gol que sal\u00eda del establecimiento, por lo que maniobr\u00f3 para esquivarlo y, perdi\u00f3 el control tras lo cual roz\u00f3 a la camioneta.<\/p>\n\n\n\n<p>En el intento para no chocar, termin\u00f3 derrapando hacia la zanja. Las autoridades locales informaron que solo se registraron da\u00f1os materiales.<\/p>\n","protected":false},"excerpt":{"rendered":"<p>04-Sep-26 Por fortuna nadie result\u00f3 lesionado, aunque caus\u00f3 gran conmoci\u00f3n<\/p>\n","protected":false},"author":3,"featured_media":382802,"comment_status":"closed","ping_status":"closed","sticky":false,"template":"","format":"standard","meta":[],"categories":[139],"tags":[],"_links":{"self":[{"href":"http:\/\/www.noticiasdelparana.com.ar\/NuevaEdicion\/wp-json\/wp\/v2\/posts\/382801"}],"collection":[{"href":"http:\/\/www.noticiasdelparana.com.ar\/NuevaEdicion\/wp-json\/wp\/v2\/posts"}],"about":[{"href":"http:\/\/www.noticiasdelparana.com.ar\/NuevaEdicion\/wp-json\/wp\/v2\/types\/post"}],"author":[{"embeddable":true,"href":"http:\/\/www.noticiasdelparana.com.ar\/NuevaEdicion\/wp-json\/wp\/v2\/users\/3"}],"replies":[{"embeddable":true,"href":"http:\/\/www.noticiasdelparana.com.ar\/NuevaEdicion\/wp-json\/wp\/v2\/comments?post=382801"}],"version-history":[{"count":2,"href":"http:\/\/www.noticiasdelparana.com.ar\/NuevaEdicion\/wp-json\/wp\/v2\/posts\/382801\/revisions"}],"predecessor-version":[{"id":382823,"href":"http:\/\/www.noticiasdelparana.com.ar\/NuevaEdicion\/wp-json\/wp\/v2\/posts\/382801\/revisions\/382823"}],"wp:featuredmedia":[{"embeddable":true,"href":"http:\/\/www.noticiasdelparana.com.ar\/NuevaEdicion\/wp-json\/wp\/v2\/media\/382802"}],"wp:attachment":[{"href":"http:\/\/www.noticiasdelparana.com.ar\/NuevaEdicion\/wp-json\/wp\/v2\/media?parent=382801"}],"wp:term":[{"taxonomy":"category","embeddable":true,"href":"http:\/\/www.noticiasdelparana.com.ar\/NuevaEdicion\/wp-json\/wp\/v2\/categories?post=382801"},{"taxonomy":"post_tag","embeddable":true,"href":"http:\/\/www.noticiasdelparana.com.ar\/NuevaEdicion\/wp-json\/wp\/v2\/tags?post=382801"}],"curies":[{"name":"wp","href":"https:\/\/api.w.org\/{rel}","templated":true}]}}