{"id":382810,"date":"2026-09-04T10:29:49","date_gmt":"2026-09-04T13:29:49","guid":{"rendered":"http:\/\/www.noticiasdelparana.com.ar\/NuevaEdicion\/?p=382810"},"modified":"2026-09-04T10:29:53","modified_gmt":"2026-09-04T13:29:53","slug":"chaco-ecom-lleva-conectividad-tecnologia-e-innovacion-a-la-fiesta-internacional-de-la-pesca-del-dorado","status":"publish","type":"post","link":"http:\/\/www.noticiasdelparana.com.ar\/NuevaEdicion\/2026\/09\/04\/chaco-ecom-lleva-conectividad-tecnologia-e-innovacion-a-la-fiesta-internacional-de-la-pesca-del-dorado\/","title":{"rendered":"CHACO: Ecom Lleva Conectividad, Tecnolog\u00eda E Innovaci\u00f3n A La Fiesta Internacional De La Pesca Del Dorado"},"content":{"rendered":"\n<p>La tecnolog\u00eda y la conectividad ser\u00e1n protagonistas en la XXII Fiesta Internacional de la Pesca del Dorado, que se desarrollar\u00e1 este fin de semana en la Isla del Cerrito, con la participaci\u00f3n de pescadores, turistas, emprendedores y familias de distintos puntos del pa\u00eds.<\/p>\n\n\n\n<p>En el marco de las pol\u00edticas impulsadas por el Gobierno del Chaco para modernizar y transformar las localidades de la provincia, ECOM Chaco acompa\u00f1ar\u00e1 el desarrollo del tradicional evento con un importante despliegue de infraestructura tecnol\u00f3gica, destinado a fortalecer las comunicaciones, la seguridad, la fiscalizaci\u00f3n y los servicios durante las tres jornadas.<\/p>\n\n\n\n<p>Bajo el concepto \u201cConectividad en el camino\u201d, la empresa dispondr\u00e1 distintas soluciones tecnol\u00f3gicas en puntos estrat\u00e9gicos de la Isla del Cerrito y en el circuito del torneo, facilitando las tareas de organizadores, organismos p\u00fablicos, pescadores, emprendedores y visitantes.<\/p>\n\n\n\n<p>TECNOLOG\u00cdA AL SERVICIO DEL EVENTO<\/p>\n\n\n\n<p>Entre las principales acciones previstas se encuentran la conexi\u00f3n satelital y el sistema de video para las lanchas fiscalizadoras, permitiendo mejorar las tareas de seguimiento y control durante la competencia.<\/p>\n\n\n\n<p>Adem\u00e1s, se instalar\u00e1 conectividad satelital en puntos estrat\u00e9gicos, garantizando acceso a internet y comunicaci\u00f3n en sectores donde la infraestructura tradicional resulta limitada.<\/p>\n\n\n\n<p>El operativo tambi\u00e9n contempla un circuito de videovigilancia con c\u00e1maras de seguridad, destinado a reforzar el monitoreo y la fiscalizaci\u00f3n de la actividad durante el desarrollo del torneo.<\/p>\n\n\n\n<p>A esto se suma la provisi\u00f3n de conexi\u00f3n de alta velocidad para la Federaci\u00f3n Chaque\u00f1a de Pesca, organismos del Estado y emprendedores, con el objetivo de facilitar sus actividades y mejorar los servicios que brindan al p\u00fablico.<\/p>\n\n\n\n<p>Como parte de la propuesta, tambi\u00e9n estar\u00e1n disponibles estaciones de carga para celulares, destinadas a pescadores, turistas y visitantes, permitiendo mantener sus dispositivos conectados durante toda la jornada.<\/p>\n\n\n\n<p>\u201cDesde ECOM entendemos que la tecnolog\u00eda tiene que estar al servicio de las personas y del desarrollo de nuestra provincia. Estar presentes en un evento de esta magnitud nos permite poner infraestructura, conectividad y herramientas concretas al servicio del turismo, la seguridad y de todos quienes forman parte de esta fiesta\u201d, destac\u00f3 el presidente de ECOM Chaco, Adri\u00e1n Veleff.<\/p>\n\n\n\n<p>Por su parte, la vicepresidente del Instituto de Turismo del Chaco, Virginia Zacar\u00edas, remarc\u00f3 la importancia del acompa\u00f1amiento tecnol\u00f3gico para el crecimiento del evento: \u201cEl XXII Torneo Internacional de Pesca del Dorado es una celebraci\u00f3n donde mostramos todo el potencial tur\u00edstico de nuestra provincia, recibiendo a visitantes nacionales e internacionales. El acompa\u00f1amiento de ECOM es fundamental para seguir incorporando tecnolog\u00eda y mejores servicios a una propuesta que re\u00fane a pescadores, familias, emprendedores y turistas\u201d.<\/p>\n\n\n\n<p>UNA FIESTA QUE POTENCIA EL TURISMO<\/p>\n\n\n\n<p>La XXII edici\u00f3n del Torneo Internacional de Pesca del Dorado tendr\u00e1 como escenario la Isla del Cerrito y contar\u00e1 con competencia n\u00e1utica, feria de emprendedores, espect\u00e1culos art\u00edsticos y propuestas gastron\u00f3micas.<\/p>\n\n\n\n<p>La competencia se realizar\u00e1 bajo la modalidad de pesca con devoluci\u00f3n, promoviendo una pr\u00e1ctica responsable y el cuidado del recurso \u00edctico.<\/p>\n\n\n\n<p>La celebraci\u00f3n es organizada por el Instituto de Turismo del Chaco y la Federaci\u00f3n Chaque\u00f1a de Pesca y constituye una de las principales propuestas del calendario tur\u00edstico provincial para este fin de semana.<\/p>\n\n\n\n<p>ECOM destaca su rol como socio tecnol\u00f3gico del desarrollo provincial, acercando conectividad, infraestructura e innovaci\u00f3n a eventos que generan movimiento tur\u00edstico, fortalecen la actividad econ\u00f3mica y ofrecen nuevos servicios a chaque\u00f1os y visitantes.<\/p>\n\n\n\n<p>En l\u00ednea con el objetivo de modernizar y transformar cada localidad del Chaco, la empresa contin\u00faa acompa\u00f1ando este proceso mediante soluciones tecnol\u00f3gicas que permiten fortalecer la infraestructura, mejorar los servicios y acercar nuevas herramientas a las comunidades de toda la provincia.<\/p>\n","protected":false},"excerpt":{"rendered":"<p>03-Sep-26 La empresa tecnol\u00f3gica provincial desplegar\u00e1 infraestructura, conectividad satelital, videovigilancia y servicios digitales durante la XXII edici\u00f3n del tradicional torneo, que se realizar\u00e1 desde hoy, viernes 4, al 6 de septiembre en la Isla del Cerrito.<\/p>\n","protected":false},"author":3,"featured_media":382811,"comment_status":"closed","ping_status":"closed","sticky":false,"template":"","format":"standard","meta":[],"categories":[98],"tags":[],"_links":{"self":[{"href":"http:\/\/www.noticiasdelparana.com.ar\/NuevaEdicion\/wp-json\/wp\/v2\/posts\/382810"}],"collection":[{"href":"http:\/\/www.noticiasdelparana.com.ar\/NuevaEdicion\/wp-json\/wp\/v2\/posts"}],"about":[{"href":"http:\/\/www.noticiasdelparana.com.ar\/NuevaEdicion\/wp-json\/wp\/v2\/types\/post"}],"author":[{"embeddable":true,"href":"http:\/\/www.noticiasdelparana.com.ar\/NuevaEdicion\/wp-json\/wp\/v2\/users\/3"}],"replies":[{"embeddable":true,"href":"http:\/\/www.noticiasdelparana.com.ar\/NuevaEdicion\/wp-json\/wp\/v2\/comments?post=382810"}],"version-history":[{"count":1,"href":"http:\/\/www.noticiasdelparana.com.ar\/NuevaEdicion\/wp-json\/wp\/v2\/posts\/382810\/revisions"}],"predecessor-version":[{"id":382812,"href":"http:\/\/www.noticiasdelparana.com.ar\/NuevaEdicion\/wp-json\/wp\/v2\/posts\/382810\/revisions\/382812"}],"wp:featuredmedia":[{"embeddable":true,"href":"http:\/\/www.noticiasdelparana.com.ar\/NuevaEdicion\/wp-json\/wp\/v2\/media\/382811"}],"wp:attachment":[{"href":"http:\/\/www.noticiasdelparana.com.ar\/NuevaEdicion\/wp-json\/wp\/v2\/media?parent=382810"}],"wp:term":[{"taxonomy":"category","embeddable":true,"href":"http:\/\/www.noticiasdelparana.com.ar\/NuevaEdicion\/wp-json\/wp\/v2\/categories?post=382810"},{"taxonomy":"post_tag","embeddable":true,"href":"http:\/\/www.noticiasdelparana.com.ar\/NuevaEdicion\/wp-json\/wp\/v2\/tags?post=382810"}],"curies":[{"name":"wp","href":"https:\/\/api.w.org\/{rel}","templated":true}]}}