{"id":382813,"date":"2026-09-04T10:31:16","date_gmt":"2026-09-04T13:31:16","guid":{"rendered":"http:\/\/www.noticiasdelparana.com.ar\/NuevaEdicion\/?p=382813"},"modified":"2026-09-04T10:31:51","modified_gmt":"2026-09-04T13:31:51","slug":"chaco-desagues-y-mejoramiento-integral-ejecuta-el-municipio-junto-a-vialidad-en-el-barrio-san-benito","status":"publish","type":"post","link":"http:\/\/www.noticiasdelparana.com.ar\/NuevaEdicion\/2026\/09\/04\/chaco-desagues-y-mejoramiento-integral-ejecuta-el-municipio-junto-a-vialidad-en-el-barrio-san-benito\/","title":{"rendered":"RESISTENCIA: Desag\u00fces Y Mejoramiento Integral Ejecuta El Municipio, Junto A Vialidad, En El Barrio San Benito"},"content":{"rendered":"\n<p>Tambi\u00e9n se colocar\u00e1n 120 tubos para los desag\u00fces del extenso barrio, con desagote en los canales del riacho Araz\u00e1, 16 y Quijano. Adem\u00e1s, en conjunto con la Direcci\u00f3n de Vialidad Provincial, se mejorar\u00e1n las calles.<\/p>\n\n\n\n<p>Sim\u00f3n Alvarenga, presidente de la comisi\u00f3n vecinal, se\u00f1al\u00f3 al respecto que este sector de la Chacra 215 cuenta con 60 manzanas \u201cdonde la Municipalidad y el Gobierno provincial nos est\u00e1n ayudando en todo lo que es infraestructura\u201d.<\/p>\n\n\n\n<p>\u201cAlgunos vivimos desde hace 7 a\u00f1os y es un trabajo que nunca se realiz\u00f3, es una obra que se necesitaba, teniendo en cuenta el fen\u00f3meno del Ni\u00f1o\u201d, agreg\u00f3.<\/p>\n\n\n\n<p>Valor\u00f3 ser tenido en cuenta y desde hace unos meses se trabaja de manera frecuente, donde, adem\u00e1s del mantenimiento y refuerzos del sistema de drenaje, se planifica mejorar las calles con perfilado, levantamiento del nivel y enripiado.<\/p>\n\n\n\n<p>Desde la Subsecretar\u00eda de Asuntos H\u00eddricos comunal indicaron que la intervenci\u00f3n es total, construyendo pr\u00e1cticamente todos los desag\u00fces, incluyendo la apertura y cruce de calles del barrio.<\/p>\n\n\n\n<p>\u201cEs un operativo en conjunto que estamos haciendo con Vialidad Provincial, un ordenamiento territorial para garantizar que los barrios de la zona del ex Campo de Tiro, con cada lluvia que tengamos, no sean afectados\u201d, consignaron.<\/p>\n\n\n\n<p>En tal sentido, hay tareas en distintos canales del sector, como el de Los Hacheros, avenidas Las Heras y San Mart\u00edn, por citar algunos.<\/p>\n\n\n\n<p>\u201cVamos a seguir actuando en estos d\u00edas en esa zona dentro del plan para prevenir las inundaciones, sobre todo teniendo en cuenta los efectos que podr\u00eda llegar a causar el fen\u00f3meno del Ni\u00f1o\u201d, puntualizaron.<\/p>\n","protected":false},"excerpt":{"rendered":"<p>04-Sep-26 La Municipalidad de Resistencia sigue ejecutando trabajos de mantenimiento de los sistemas de drenaje de la ciudad. En el barrio San Benito se efectuaron tareas de zanjeo que permitir\u00e1n el normal escurrimiento de las aguas pluviales.<\/p>\n","protected":false},"author":3,"featured_media":382814,"comment_status":"closed","ping_status":"closed","sticky":false,"template":"","format":"standard","meta":[],"categories":[102],"tags":[],"_links":{"self":[{"href":"http:\/\/www.noticiasdelparana.com.ar\/NuevaEdicion\/wp-json\/wp\/v2\/posts\/382813"}],"collection":[{"href":"http:\/\/www.noticiasdelparana.com.ar\/NuevaEdicion\/wp-json\/wp\/v2\/posts"}],"about":[{"href":"http:\/\/www.noticiasdelparana.com.ar\/NuevaEdicion\/wp-json\/wp\/v2\/types\/post"}],"author":[{"embeddable":true,"href":"http:\/\/www.noticiasdelparana.com.ar\/NuevaEdicion\/wp-json\/wp\/v2\/users\/3"}],"replies":[{"embeddable":true,"href":"http:\/\/www.noticiasdelparana.com.ar\/NuevaEdicion\/wp-json\/wp\/v2\/comments?post=382813"}],"version-history":[{"count":2,"href":"http:\/\/www.noticiasdelparana.com.ar\/NuevaEdicion\/wp-json\/wp\/v2\/posts\/382813\/revisions"}],"predecessor-version":[{"id":382817,"href":"http:\/\/www.noticiasdelparana.com.ar\/NuevaEdicion\/wp-json\/wp\/v2\/posts\/382813\/revisions\/382817"}],"wp:featuredmedia":[{"embeddable":true,"href":"http:\/\/www.noticiasdelparana.com.ar\/NuevaEdicion\/wp-json\/wp\/v2\/media\/382814"}],"wp:attachment":[{"href":"http:\/\/www.noticiasdelparana.com.ar\/NuevaEdicion\/wp-json\/wp\/v2\/media?parent=382813"}],"wp:term":[{"taxonomy":"category","embeddable":true,"href":"http:\/\/www.noticiasdelparana.com.ar\/NuevaEdicion\/wp-json\/wp\/v2\/categories?post=382813"},{"taxonomy":"post_tag","embeddable":true,"href":"http:\/\/www.noticiasdelparana.com.ar\/NuevaEdicion\/wp-json\/wp\/v2\/tags?post=382813"}],"curies":[{"name":"wp","href":"https:\/\/api.w.org\/{rel}","templated":true}]}}