{"id":382818,"date":"2026-09-04T10:33:44","date_gmt":"2026-09-04T13:33:44","guid":{"rendered":"http:\/\/www.noticiasdelparana.com.ar\/NuevaEdicion\/?p=382818"},"modified":"2026-09-04T10:33:49","modified_gmt":"2026-09-04T13:33:49","slug":"resistencia-relevamiento-integral-efectuaron-el-municipio-y-provincia-en-la-chacra-214","status":"publish","type":"post","link":"http:\/\/www.noticiasdelparana.com.ar\/NuevaEdicion\/2026\/09\/04\/resistencia-relevamiento-integral-efectuaron-el-municipio-y-provincia-en-la-chacra-214\/","title":{"rendered":"RESISTENCIA: Relevamiento Integral Efectuaron El Municipio Y Provincia En La Chacra 214"},"content":{"rendered":"\n<p>Desde la Subsecretar\u00eda de Acci\u00f3n Social comunal explicaron que \u201ces un barrio donde se encuentran viviendo personas que tienen problem\u00e1ticas de salud, algunas con discapacidad e inclusive casos bastante complejos\u201d.<\/p>\n\n\n\n<p>\u201cEstamos haciendo un relevamiento a pedido de nuestro intendente Roy Nikisch y del gobernador Leandro Zdero, en un trabajo conjunto que venimos haciendo con el \u00e1rea de Salud de provincia, a fin de conocer la situaci\u00f3n individual de cada uno de los vecinos\u201d, agregaron.<\/p>\n\n\n\n<p>Se\u00f1alaron, adem\u00e1s, que esta intervenci\u00f3n es preventiva \u201cpara poder canalizar algunas de las situaciones que ellos van planteando en funci\u00f3n de las necesidades que est\u00e1n teniendo en este sector\u201d.<\/p>\n\n\n\n<p>\u201cEs un trabajo que ya lo ten\u00edamos planificado que fue d\u00e1ndose en distintos sectores de la ciudad. Ya lo hicimos en la zona del barrio Santiago y ahora en el sur y seguiremos el relevamiento hasta la Ruta Nacional 11 en funci\u00f3n de colaborar y asistir a los vecinos en las necesidades b\u00e1sicas que tienen\u201d, puntualizaron.<\/p>\n","protected":false},"excerpt":{"rendered":"<p>04-Sep-26 La Municipalidad de Resistencia efectu\u00f3 un abordaje integral en la Chacra 214, sobre avenida Chaco al 3.800, tarea conjunta con la Provincia y que tuvo por objetivo conocer la situaci\u00f3n de sus habitantes y brindar soluciones que permitan mejorar sus calidades de vida.<\/p>\n","protected":false},"author":3,"featured_media":382819,"comment_status":"closed","ping_status":"closed","sticky":false,"template":"","format":"standard","meta":[],"categories":[102],"tags":[],"_links":{"self":[{"href":"http:\/\/www.noticiasdelparana.com.ar\/NuevaEdicion\/wp-json\/wp\/v2\/posts\/382818"}],"collection":[{"href":"http:\/\/www.noticiasdelparana.com.ar\/NuevaEdicion\/wp-json\/wp\/v2\/posts"}],"about":[{"href":"http:\/\/www.noticiasdelparana.com.ar\/NuevaEdicion\/wp-json\/wp\/v2\/types\/post"}],"author":[{"embeddable":true,"href":"http:\/\/www.noticiasdelparana.com.ar\/NuevaEdicion\/wp-json\/wp\/v2\/users\/3"}],"replies":[{"embeddable":true,"href":"http:\/\/www.noticiasdelparana.com.ar\/NuevaEdicion\/wp-json\/wp\/v2\/comments?post=382818"}],"version-history":[{"count":1,"href":"http:\/\/www.noticiasdelparana.com.ar\/NuevaEdicion\/wp-json\/wp\/v2\/posts\/382818\/revisions"}],"predecessor-version":[{"id":382820,"href":"http:\/\/www.noticiasdelparana.com.ar\/NuevaEdicion\/wp-json\/wp\/v2\/posts\/382818\/revisions\/382820"}],"wp:featuredmedia":[{"embeddable":true,"href":"http:\/\/www.noticiasdelparana.com.ar\/NuevaEdicion\/wp-json\/wp\/v2\/media\/382819"}],"wp:attachment":[{"href":"http:\/\/www.noticiasdelparana.com.ar\/NuevaEdicion\/wp-json\/wp\/v2\/media?parent=382818"}],"wp:term":[{"taxonomy":"category","embeddable":true,"href":"http:\/\/www.noticiasdelparana.com.ar\/NuevaEdicion\/wp-json\/wp\/v2\/categories?post=382818"},{"taxonomy":"post_tag","embeddable":true,"href":"http:\/\/www.noticiasdelparana.com.ar\/NuevaEdicion\/wp-json\/wp\/v2\/tags?post=382818"}],"curies":[{"name":"wp","href":"https:\/\/api.w.org\/{rel}","templated":true}]}}