{"id":382828,"date":"2026-09-04T10:40:59","date_gmt":"2026-09-04T13:40:59","guid":{"rendered":"http:\/\/www.noticiasdelparana.com.ar\/NuevaEdicion\/?p=382828"},"modified":"2026-09-04T10:41:02","modified_gmt":"2026-09-04T13:41:02","slug":"chaco-aldo-leiva-le-respondio-a-milei-por-malvinas-no-queremos-cambiar-de-patron-queremos-ser-soberanos","status":"publish","type":"post","link":"http:\/\/www.noticiasdelparana.com.ar\/NuevaEdicion\/2026\/09\/04\/chaco-aldo-leiva-le-respondio-a-milei-por-malvinas-no-queremos-cambiar-de-patron-queremos-ser-soberanos\/","title":{"rendered":"CHACO: Aldo Leiva Le Respondi\u00f3 A Milei Por Malvinas: &#8220;No Queremos Cambiar De Patr\u00f3n, Queremos Ser Soberanos&#8221;"},"content":{"rendered":"\n<p>\u200bEl legislador chaque\u00f1o sostuvo que cualquier avance pac\u00edfico y diplom\u00e1tico para la recuperaci\u00f3n del ejercicio pleno de la soberan\u00eda ser\u00e1 siempre bienvenido, pero pidi\u00f3 no caer en la ingenuidad frente a los intereses geopol\u00edticos, energ\u00e9ticos y militares que las potencias tienen sobre el Atl\u00e1ntico Sur.<\/p>\n\n\n\n<p>\u200b&#8221;Soberan\u00eda no es cambiar de patr\u00f3n. Cuando Estados Unidos reconozca, sin condicionamientos y de manera inequ\u00edvoca, la soberan\u00eda argentina sobre las Islas Malvinas, reci\u00e9n ah\u00ed podremos hablar de un verdadero avance diplom\u00e1tico. Hasta entonces, prudencia&#8221;, afirm\u00f3 Leiva.<\/p>\n\n\n\n<p>\u200bAsimismo, el diputado cuestion\u00f3 los anuncios oficiales como la Base Naval Integrada mientras el personal de las Fuerzas Armadas padece una situaci\u00f3n salarial cr\u00edtica y graves deficiencias en su obra social. &#8220;La soberan\u00eda se construye fortaleciendo a nuestras Fuerzas Armadas, defendiendo los recursos naturales y sosteniendo una pol\u00edtica exterior independiente, no solo con anuncios bomb\u00e1sticos&#8221;, concluy\u00f3.<\/p>\n","protected":false},"excerpt":{"rendered":"<p>\u200b04-Sep-26 El diputado nacional y veterano de la Guerra de Malvinas, Aldo Leiva, le envi\u00f3 un contundente mensaje al presidente Javier Milei tras sus recientes anuncios en materia de pol\u00edtica exterior y defensa en el Atl\u00e1ntico Sur. Leiva advirti\u00f3 sobre el peligro de reemplazar la influencia brit\u00e1nica en las islas por la de Estados Unidos y remarc\u00f3 que &#8220;Malvinas no puede ser moneda de cambio entre Donald Trump y el Reino Unido&#8221;.<\/p>\n","protected":false},"author":3,"featured_media":382829,"comment_status":"closed","ping_status":"closed","sticky":false,"template":"","format":"standard","meta":[],"categories":[98],"tags":[],"_links":{"self":[{"href":"http:\/\/www.noticiasdelparana.com.ar\/NuevaEdicion\/wp-json\/wp\/v2\/posts\/382828"}],"collection":[{"href":"http:\/\/www.noticiasdelparana.com.ar\/NuevaEdicion\/wp-json\/wp\/v2\/posts"}],"about":[{"href":"http:\/\/www.noticiasdelparana.com.ar\/NuevaEdicion\/wp-json\/wp\/v2\/types\/post"}],"author":[{"embeddable":true,"href":"http:\/\/www.noticiasdelparana.com.ar\/NuevaEdicion\/wp-json\/wp\/v2\/users\/3"}],"replies":[{"embeddable":true,"href":"http:\/\/www.noticiasdelparana.com.ar\/NuevaEdicion\/wp-json\/wp\/v2\/comments?post=382828"}],"version-history":[{"count":1,"href":"http:\/\/www.noticiasdelparana.com.ar\/NuevaEdicion\/wp-json\/wp\/v2\/posts\/382828\/revisions"}],"predecessor-version":[{"id":382830,"href":"http:\/\/www.noticiasdelparana.com.ar\/NuevaEdicion\/wp-json\/wp\/v2\/posts\/382828\/revisions\/382830"}],"wp:featuredmedia":[{"embeddable":true,"href":"http:\/\/www.noticiasdelparana.com.ar\/NuevaEdicion\/wp-json\/wp\/v2\/media\/382829"}],"wp:attachment":[{"href":"http:\/\/www.noticiasdelparana.com.ar\/NuevaEdicion\/wp-json\/wp\/v2\/media?parent=382828"}],"wp:term":[{"taxonomy":"category","embeddable":true,"href":"http:\/\/www.noticiasdelparana.com.ar\/NuevaEdicion\/wp-json\/wp\/v2\/categories?post=382828"},{"taxonomy":"post_tag","embeddable":true,"href":"http:\/\/www.noticiasdelparana.com.ar\/NuevaEdicion\/wp-json\/wp\/v2\/tags?post=382828"}],"curies":[{"name":"wp","href":"https:\/\/api.w.org\/{rel}","templated":true}]}}