{"id":382831,"date":"2026-09-04T10:42:22","date_gmt":"2026-09-04T13:42:22","guid":{"rendered":"http:\/\/www.noticiasdelparana.com.ar\/NuevaEdicion\/?p=382831"},"modified":"2026-09-04T10:42:25","modified_gmt":"2026-09-04T13:42:25","slug":"chaco-capitanich-planteo-una-mayor-proteccion-para-las-pymes-y-un-enfoque-federal-en-el-debate-por-la-ley-de-biocombustibles","status":"publish","type":"post","link":"http:\/\/www.noticiasdelparana.com.ar\/NuevaEdicion\/2026\/09\/04\/chaco-capitanich-planteo-una-mayor-proteccion-para-las-pymes-y-un-enfoque-federal-en-el-debate-por-la-ley-de-biocombustibles\/","title":{"rendered":"CHACO: Capitanich Plante\u00f3 Una Mayor Protecci\u00f3n Para Las Pymes Y Un Enfoque Federal En El Debate Por La Ley De Biocombustibles"},"content":{"rendered":"\n<p>Durante su intervenci\u00f3n, Capitanich record\u00f3 que, junto a otros senadores, impuls\u00f3 un r\u00e9gimen federal de promoci\u00f3n para la producci\u00f3n de biocombustibles, basado en una estrategia sostenible y sustentable. \u201cNosotros propusimos, junto a otros senadores, un r\u00e9gimen de promoci\u00f3n federal para la producci\u00f3n de biocombustibles\u201d, se\u00f1al\u00f3, y remarc\u00f3 la importancia de promover el \u201cvalor agregado en origen, a trav\u00e9s de PyMEs industriales y cooperativas agropecuarias\u201d.<\/p>\n\n\n\n<p>Uno de los principales puntos de diferencia planteados por el senador est\u00e1 vinculado con el corte obligatorio de biodiesel. Capitanich sostuvo que la propuesta que acompa\u00f1\u00f3 establec\u00eda alcanzar un 15% en un plazo de 24 meses, mientras que el proyecto en tratamiento lleva el porcentaje al 10%. \u201cClaramente mantenemos una disidencia respecto al tema de biodiesel y el corte que pretendemos es del 15% y no del10\u201d, afirm\u00f3.<\/p>\n\n\n\n<p>Tambi\u00e9n expres\u00f3 su preocupaci\u00f3n por la situaci\u00f3n de las PyMEs no integradas. \u201cNosotros observamos que existe una regresi\u00f3n desde el punto de vista de la participaci\u00f3n de las PyMEs no integradas, del 7,5% al 3%\u201d, se\u00f1al\u00f3. Y advirti\u00f3 que, en ese contexto, la medida \u201cperjudica notoriamente a las provincias\u201d donde se encuentran radicadas las 25 plantas vinculadas a esta actividad, entre ellas Buenos Aires, Santa Fe, San Luis, Entre R\u00edos y La Pampa. En ese sentido, propuso sostener un cupo para las PyMEs no integradas de no menos del 7,5%.<\/p>\n\n\n\n<p>Capitanich tambi\u00e9n puso el foco en las oportunidades para las econom\u00edas regionales y, particularmente, en las provincias productoras de ma\u00edz. \u201cEn provincias como las nuestras, que tienen producci\u00f3n, por ejemplo, de ma\u00edz, es un tema interesante establecer cupos con un r\u00e9gimen de incentivo para el procesamiento, tanto para peque\u00f1as y medianas empresas como cooperativas\u201d, sostuvo. Seg\u00fan explic\u00f3, esta estrategia permite promover la generaci\u00f3n de empleo directo e indirecto como resultado de la agregaci\u00f3n de valor en las cadenas productivas e implica, adem\u00e1s, incentivos al r\u00e9gimen de inversi\u00f3n.<\/p>\n\n\n\n<p>El senador advirti\u00f3 adem\u00e1s que el proyecto presenta un enfoque \u201cestrictamente regulatorio\u201d y plante\u00f3 la necesidad de fortalecer su perspectiva de desarrollo federal, con mayor arraigo territorial y una participaci\u00f3n m\u00e1s activa de las PyMEs y cooperativas del interior. Entre sus propuestas, incluy\u00f3 tambi\u00e9n el impulso a los biocombustibles avanzados, el aprovechamiento de residuos agr\u00edcolas y lignocelul\u00f3sicos, la biomasa forestal y la articulaci\u00f3n t\u00e9cnica con organismos como el INTA, el INTI y las universidades nacionales.<\/p>\n\n\n\n<p>\u201cHay cierta endeblez desde el punto de vista del desarrollo federal, con el arraigo territorial, las PyMEs y las cooperativas del interior\u201d, sintetiz\u00f3 Capitanich al fundamentar las principales diferencias que mantuvo respecto del proyecto y la necesidad de perfeccionar su redacci\u00f3n final.<\/p>\n","protected":false},"excerpt":{"rendered":"<p>04-Sep-26 El senador nacional Jorge Capitanich particip\u00f3 este jueves del plenario de las comisiones de Miner\u00eda, Energ\u00eda y Presupuesto, donde plante\u00f3 una serie de observaciones al proyecto de Ley de Biocombustibles y defendi\u00f3 la necesidad de consolidar un r\u00e9gimen de promoci\u00f3n con una perspectiva federal, orientada al desarrollo productivo, el agregado de valor en origen y la protecci\u00f3n de las peque\u00f1as y medianas empresas.<\/p>\n","protected":false},"author":3,"featured_media":382832,"comment_status":"closed","ping_status":"closed","sticky":false,"template":"","format":"standard","meta":[],"categories":[98],"tags":[],"_links":{"self":[{"href":"http:\/\/www.noticiasdelparana.com.ar\/NuevaEdicion\/wp-json\/wp\/v2\/posts\/382831"}],"collection":[{"href":"http:\/\/www.noticiasdelparana.com.ar\/NuevaEdicion\/wp-json\/wp\/v2\/posts"}],"about":[{"href":"http:\/\/www.noticiasdelparana.com.ar\/NuevaEdicion\/wp-json\/wp\/v2\/types\/post"}],"author":[{"embeddable":true,"href":"http:\/\/www.noticiasdelparana.com.ar\/NuevaEdicion\/wp-json\/wp\/v2\/users\/3"}],"replies":[{"embeddable":true,"href":"http:\/\/www.noticiasdelparana.com.ar\/NuevaEdicion\/wp-json\/wp\/v2\/comments?post=382831"}],"version-history":[{"count":1,"href":"http:\/\/www.noticiasdelparana.com.ar\/NuevaEdicion\/wp-json\/wp\/v2\/posts\/382831\/revisions"}],"predecessor-version":[{"id":382833,"href":"http:\/\/www.noticiasdelparana.com.ar\/NuevaEdicion\/wp-json\/wp\/v2\/posts\/382831\/revisions\/382833"}],"wp:featuredmedia":[{"embeddable":true,"href":"http:\/\/www.noticiasdelparana.com.ar\/NuevaEdicion\/wp-json\/wp\/v2\/media\/382832"}],"wp:attachment":[{"href":"http:\/\/www.noticiasdelparana.com.ar\/NuevaEdicion\/wp-json\/wp\/v2\/media?parent=382831"}],"wp:term":[{"taxonomy":"category","embeddable":true,"href":"http:\/\/www.noticiasdelparana.com.ar\/NuevaEdicion\/wp-json\/wp\/v2\/categories?post=382831"},{"taxonomy":"post_tag","embeddable":true,"href":"http:\/\/www.noticiasdelparana.com.ar\/NuevaEdicion\/wp-json\/wp\/v2\/tags?post=382831"}],"curies":[{"name":"wp","href":"https:\/\/api.w.org\/{rel}","templated":true}]}}