{"id":382837,"date":"2026-09-04T11:06:01","date_gmt":"2026-09-04T14:06:01","guid":{"rendered":"http:\/\/www.noticiasdelparana.com.ar\/NuevaEdicion\/?p=382837"},"modified":"2026-09-04T11:06:07","modified_gmt":"2026-09-04T14:06:07","slug":"saenz-pena-detuvieron-a-un-joven-con-pedido-de-aprehension-por-un-hurto","status":"publish","type":"post","link":"http:\/\/www.noticiasdelparana.com.ar\/NuevaEdicion\/2026\/09\/04\/saenz-pena-detuvieron-a-un-joven-con-pedido-de-aprehension-por-un-hurto\/","title":{"rendered":"SAENZ PE\u00d1A: Detuvieron A Un Joven Con Pedido De Aprehensi\u00f3n Por Un Hurto"},"content":{"rendered":"\n<p>Alrededor de las 7:50, personal de la Comisar\u00eda Sexta de S\u00e1enz Pe\u00f1a realiz\u00f3 recorridas preventivas cuando observ\u00f3 a un joven salir de una zona boscosa. Al advertir la presencia policial, el sujeto volvi\u00f3 a ingresar entre los pastizales, por lo que los agentes iniciaron una persecuci\u00f3n a pie.<\/p>\n\n\n\n<p>Tras unos minutos, los efectivos lograron alcanzarlo y demorarlo. Al identificarlo, constataron que sobre el joven pesaba un pedido de aprehensi\u00f3n vigente, relacionado con una causa por supuesto hurto iniciada el pasado 1 de septiembre, con intervenci\u00f3n de la Fiscal\u00eda de Investigaci\u00f3n N\u00b0 4.<\/p>\n\n\n\n<p>El detenido fue trasladado a la dependencia, donde qued\u00f3 a disposici\u00f3n de la Justicia.<\/p>\n","protected":false},"excerpt":{"rendered":"<p>04-Sep-26 El procedimiento ocurri\u00f3 este jueves por la ma\u00f1ana, cuando efectivos de la Comisar\u00eda Sexta realizaban recorridas preventivas en el barrio Matadero. El joven intent\u00f3 ocultarse en una zona de pastizales, pero fue alcanzada por los agentes.<\/p>\n","protected":false},"author":3,"featured_media":382838,"comment_status":"closed","ping_status":"closed","sticky":false,"template":"","format":"standard","meta":[],"categories":[103],"tags":[],"_links":{"self":[{"href":"http:\/\/www.noticiasdelparana.com.ar\/NuevaEdicion\/wp-json\/wp\/v2\/posts\/382837"}],"collection":[{"href":"http:\/\/www.noticiasdelparana.com.ar\/NuevaEdicion\/wp-json\/wp\/v2\/posts"}],"about":[{"href":"http:\/\/www.noticiasdelparana.com.ar\/NuevaEdicion\/wp-json\/wp\/v2\/types\/post"}],"author":[{"embeddable":true,"href":"http:\/\/www.noticiasdelparana.com.ar\/NuevaEdicion\/wp-json\/wp\/v2\/users\/3"}],"replies":[{"embeddable":true,"href":"http:\/\/www.noticiasdelparana.com.ar\/NuevaEdicion\/wp-json\/wp\/v2\/comments?post=382837"}],"version-history":[{"count":1,"href":"http:\/\/www.noticiasdelparana.com.ar\/NuevaEdicion\/wp-json\/wp\/v2\/posts\/382837\/revisions"}],"predecessor-version":[{"id":382839,"href":"http:\/\/www.noticiasdelparana.com.ar\/NuevaEdicion\/wp-json\/wp\/v2\/posts\/382837\/revisions\/382839"}],"wp:featuredmedia":[{"embeddable":true,"href":"http:\/\/www.noticiasdelparana.com.ar\/NuevaEdicion\/wp-json\/wp\/v2\/media\/382838"}],"wp:attachment":[{"href":"http:\/\/www.noticiasdelparana.com.ar\/NuevaEdicion\/wp-json\/wp\/v2\/media?parent=382837"}],"wp:term":[{"taxonomy":"category","embeddable":true,"href":"http:\/\/www.noticiasdelparana.com.ar\/NuevaEdicion\/wp-json\/wp\/v2\/categories?post=382837"},{"taxonomy":"post_tag","embeddable":true,"href":"http:\/\/www.noticiasdelparana.com.ar\/NuevaEdicion\/wp-json\/wp\/v2\/tags?post=382837"}],"curies":[{"name":"wp","href":"https:\/\/api.w.org\/{rel}","templated":true}]}}