{"id":382840,"date":"2026-09-04T11:08:31","date_gmt":"2026-09-04T14:08:31","guid":{"rendered":"http:\/\/www.noticiasdelparana.com.ar\/NuevaEdicion\/?p=382840"},"modified":"2026-09-04T11:08:35","modified_gmt":"2026-09-04T14:08:35","slug":"fontana-esclarecieron-cuatro-hurtos-y-recuperaron-elementos-sustraidos","status":"publish","type":"post","link":"http:\/\/www.noticiasdelparana.com.ar\/NuevaEdicion\/2026\/09\/04\/fontana-esclarecieron-cuatro-hurtos-y-recuperaron-elementos-sustraidos\/","title":{"rendered":"FONTANA: Esclarecieron Cuatro Hurtos Y Recuperaron Elementos Sustra\u00eddos"},"content":{"rendered":"\n<p>El procedimiento se realiz\u00f3 este jueves 3 de septiembre, luego de que los agentes fueron alertados sobre la presencia de un presunto autor de varios hechos delictivos en el barrio Independencia.<\/p>\n\n\n\n<p>Durante la intervenci\u00f3n, los efectivos aprehendieron a un joven de 23 a\u00f1os y secuestraron un taladro, una amoladora, un machete, calzado y distintas prendas de vestir, elementos que estar\u00edan relacionados con los hechos investigados.<\/p>\n\n\n\n<p>Por disposici\u00f3n de la Fiscal\u00eda en turno, el joven qued\u00f3 aprehendido e identificado en las causas, mientras que los elementos recuperados ser\u00e1n restituidos a sus propietarios.<\/p>\n","protected":false},"excerpt":{"rendered":"<p>04-Sep-26 Un joven de 23 a\u00f1os fue aprehendido durante un procedimiento realizado por la Comisar\u00eda Segunda. Se recuperaron herramientas, prendas de vestir y otros elementos.<\/p>\n","protected":false},"author":3,"featured_media":382841,"comment_status":"closed","ping_status":"closed","sticky":false,"template":"","format":"standard","meta":[],"categories":[103],"tags":[],"_links":{"self":[{"href":"http:\/\/www.noticiasdelparana.com.ar\/NuevaEdicion\/wp-json\/wp\/v2\/posts\/382840"}],"collection":[{"href":"http:\/\/www.noticiasdelparana.com.ar\/NuevaEdicion\/wp-json\/wp\/v2\/posts"}],"about":[{"href":"http:\/\/www.noticiasdelparana.com.ar\/NuevaEdicion\/wp-json\/wp\/v2\/types\/post"}],"author":[{"embeddable":true,"href":"http:\/\/www.noticiasdelparana.com.ar\/NuevaEdicion\/wp-json\/wp\/v2\/users\/3"}],"replies":[{"embeddable":true,"href":"http:\/\/www.noticiasdelparana.com.ar\/NuevaEdicion\/wp-json\/wp\/v2\/comments?post=382840"}],"version-history":[{"count":1,"href":"http:\/\/www.noticiasdelparana.com.ar\/NuevaEdicion\/wp-json\/wp\/v2\/posts\/382840\/revisions"}],"predecessor-version":[{"id":382842,"href":"http:\/\/www.noticiasdelparana.com.ar\/NuevaEdicion\/wp-json\/wp\/v2\/posts\/382840\/revisions\/382842"}],"wp:featuredmedia":[{"embeddable":true,"href":"http:\/\/www.noticiasdelparana.com.ar\/NuevaEdicion\/wp-json\/wp\/v2\/media\/382841"}],"wp:attachment":[{"href":"http:\/\/www.noticiasdelparana.com.ar\/NuevaEdicion\/wp-json\/wp\/v2\/media?parent=382840"}],"wp:term":[{"taxonomy":"category","embeddable":true,"href":"http:\/\/www.noticiasdelparana.com.ar\/NuevaEdicion\/wp-json\/wp\/v2\/categories?post=382840"},{"taxonomy":"post_tag","embeddable":true,"href":"http:\/\/www.noticiasdelparana.com.ar\/NuevaEdicion\/wp-json\/wp\/v2\/tags?post=382840"}],"curies":[{"name":"wp","href":"https:\/\/api.w.org\/{rel}","templated":true}]}}