{"id":382843,"date":"2026-09-04T11:36:04","date_gmt":"2026-09-04T14:36:04","guid":{"rendered":"http:\/\/www.noticiasdelparana.com.ar\/NuevaEdicion\/?p=382843"},"modified":"2026-09-04T11:37:51","modified_gmt":"2026-09-04T14:37:51","slug":"l-chaco-anuncio-el-cronograma-de-pagos-de-programas-provinciales","status":"publish","type":"post","link":"http:\/\/www.noticiasdelparana.com.ar\/NuevaEdicion\/2026\/09\/04\/l-chaco-anuncio-el-cronograma-de-pagos-de-programas-provinciales\/","title":{"rendered":"CHACO: El Gobierno  Anunci\u00f3 El Cronograma De Pagos De Programas Provinciales"},"content":{"rendered":"\n<p>El Gobierno del Chaco, a trav\u00e9s del Ministerio de Hacienda y Finanzas, inform\u00f3 el cronograma de pagos correspondiente a los distintos programas provinciales, cuyas acreditaciones comenzar\u00e1n el pr\u00f3ximo martes 8 de septiembre.<\/p>\n\n\n\n<p>Los beneficiarios recibir\u00e1n los fondos en sus cuentas del Nuevo Banco del Chaco (NBCH), donde estar\u00e1n disponibles a trav\u00e9s de todos los canales electr\u00f3nicos habilitados, de manera \u00e1gil y segura.<\/p>\n\n\n\n<p>De acuerdo con el cronograma establecido, los pagos se realizar\u00e1n en las siguientes fechas:<\/p>\n\n\n\n<p>Martes 8 de septiembre:<\/p>\n\n\n\n<p>-Expertos, dependiente del Ministerio de Salud P\u00fablica.<\/p>\n\n\n\n<p>Lunes 14 de septiembre:<\/p>\n\n\n\n<p>-Becas M\u00e1s Salud, del Ministerio de Salud.<\/p>\n\n\n\n<p>-Becas M\u00e1s Gobierno, del Ministerio de Gobierno.<\/p>\n\n\n\n<p>Mi\u00e9rcoles 16 de septiembre:<\/p>\n\n\n\n<p>-Programa M\u00e1s Desarrollo&nbsp;<\/p>\n\n\n\n<p>-Programa de Reconversi\u00f3n Laboral Canillitas, del Ministerio de Desarrollo Humano.<\/p>\n\n\n\n<p>-Servicio de Mantenimiento de Establecimientos Educativos, del Ministerio de Educaci\u00f3n.<\/p>\n\n\n\n<p>Desde el Ministerio de Hacienda y Finanzas se\u00f1alaron que la organizaci\u00f3n del cronograma tiene como objetivo ordenar las acreditaciones y evitar concentraciones innecesarias, facilitando que los beneficiarios puedan disponer de sus fondos de manera r\u00e1pida y segura.<\/p>\n\n\n\n<p>Asimismo, remarcaron que los montos acreditados podr\u00e1n ser utilizados mediante los distintos canales electr\u00f3nicos del Nuevo Banco del Chaco, sin necesidad de realizar tr\u00e1mites adicionales.<\/p>\n","protected":false},"excerpt":{"rendered":"<p>04-Sep-26 Las acreditaciones comenzar\u00e1n el martes 8 de septiembre y se extender\u00e1n hasta el mi\u00e9rcoles 16. Los fondos estar\u00e1n disponibles en las cuentas del Nuevo Banco del Chaco a trav\u00e9s de todos sus canales electr\u00f3nicos.<\/p>\n","protected":false},"author":3,"featured_media":382844,"comment_status":"closed","ping_status":"closed","sticky":false,"template":"","format":"standard","meta":[],"categories":[98],"tags":[],"_links":{"self":[{"href":"http:\/\/www.noticiasdelparana.com.ar\/NuevaEdicion\/wp-json\/wp\/v2\/posts\/382843"}],"collection":[{"href":"http:\/\/www.noticiasdelparana.com.ar\/NuevaEdicion\/wp-json\/wp\/v2\/posts"}],"about":[{"href":"http:\/\/www.noticiasdelparana.com.ar\/NuevaEdicion\/wp-json\/wp\/v2\/types\/post"}],"author":[{"embeddable":true,"href":"http:\/\/www.noticiasdelparana.com.ar\/NuevaEdicion\/wp-json\/wp\/v2\/users\/3"}],"replies":[{"embeddable":true,"href":"http:\/\/www.noticiasdelparana.com.ar\/NuevaEdicion\/wp-json\/wp\/v2\/comments?post=382843"}],"version-history":[{"count":2,"href":"http:\/\/www.noticiasdelparana.com.ar\/NuevaEdicion\/wp-json\/wp\/v2\/posts\/382843\/revisions"}],"predecessor-version":[{"id":382847,"href":"http:\/\/www.noticiasdelparana.com.ar\/NuevaEdicion\/wp-json\/wp\/v2\/posts\/382843\/revisions\/382847"}],"wp:featuredmedia":[{"embeddable":true,"href":"http:\/\/www.noticiasdelparana.com.ar\/NuevaEdicion\/wp-json\/wp\/v2\/media\/382844"}],"wp:attachment":[{"href":"http:\/\/www.noticiasdelparana.com.ar\/NuevaEdicion\/wp-json\/wp\/v2\/media?parent=382843"}],"wp:term":[{"taxonomy":"category","embeddable":true,"href":"http:\/\/www.noticiasdelparana.com.ar\/NuevaEdicion\/wp-json\/wp\/v2\/categories?post=382843"},{"taxonomy":"post_tag","embeddable":true,"href":"http:\/\/www.noticiasdelparana.com.ar\/NuevaEdicion\/wp-json\/wp\/v2\/tags?post=382843"}],"curies":[{"name":"wp","href":"https:\/\/api.w.org\/{rel}","templated":true}]}}