{"id":382854,"date":"2026-09-04T11:55:11","date_gmt":"2026-09-04T14:55:11","guid":{"rendered":"http:\/\/www.noticiasdelparana.com.ar\/NuevaEdicion\/?p=382854"},"modified":"2026-09-04T11:55:16","modified_gmt":"2026-09-04T14:55:16","slug":"resistencia-secuestraron-un-tractor-por-arrojar-residuos-en-la-via-publica","status":"publish","type":"post","link":"http:\/\/www.noticiasdelparana.com.ar\/NuevaEdicion\/2026\/09\/04\/resistencia-secuestraron-un-tractor-por-arrojar-residuos-en-la-via-publica\/","title":{"rendered":"RESISTENCIA: Secuestraron Un Tractor Por Arrojar Residuos En La V\u00eda P\u00fablica"},"content":{"rendered":"\n<p>En este marco, se secuestr\u00f3 un tractor que pertenecer\u00eda al Mercado Frutihort\u00edcola, acarreando un acoplado sin patente.<\/p>\n\n\n\n<p>El procedimiento se realiz\u00f3 sobre la Colectora de Acceso Sur, en inmediaciones al Mercado Frutihort\u00edcola, donde los agentes detectaron un tractor con acoplado que se encontraba descargando residuos en un sector no habilitado para ese fin.<\/p>\n\n\n\n<p>Ante la infracci\u00f3n, se labr\u00f3 el acta correspondiente y se procedi\u00f3 a la remoci\u00f3n y secuestro del veh\u00edculo, conforme a la normativa vigente. Adem\u00e1s, se detect\u00f3 que el carro no ten\u00eda dominio colocado.<\/p>\n\n\n\n<p>Desde el Municipio remarcaron que este tipo de controles buscan evitar la formaci\u00f3n de microbasurales, preservar la higiene urbana y proteger los espacios p\u00fablicos, especialmente en sectores donde el arrojo clandestino de residuos genera focos de contaminaci\u00f3n y afecta la circulaci\u00f3n.<\/p>\n","protected":false},"excerpt":{"rendered":"<p>04-Sep-26  El jueves por la tarde, personal de la Direcci\u00f3n de Tr\u00e1nsito y de la Guardia Comunitaria Ambiental de la Municipalidad de Resistencia intervino ante una situaci\u00f3n de arrojo irregular de residuos en la v\u00eda p\u00fablica<\/p>\n","protected":false},"author":3,"featured_media":382855,"comment_status":"closed","ping_status":"closed","sticky":false,"template":"","format":"standard","meta":[],"categories":[102],"tags":[],"_links":{"self":[{"href":"http:\/\/www.noticiasdelparana.com.ar\/NuevaEdicion\/wp-json\/wp\/v2\/posts\/382854"}],"collection":[{"href":"http:\/\/www.noticiasdelparana.com.ar\/NuevaEdicion\/wp-json\/wp\/v2\/posts"}],"about":[{"href":"http:\/\/www.noticiasdelparana.com.ar\/NuevaEdicion\/wp-json\/wp\/v2\/types\/post"}],"author":[{"embeddable":true,"href":"http:\/\/www.noticiasdelparana.com.ar\/NuevaEdicion\/wp-json\/wp\/v2\/users\/3"}],"replies":[{"embeddable":true,"href":"http:\/\/www.noticiasdelparana.com.ar\/NuevaEdicion\/wp-json\/wp\/v2\/comments?post=382854"}],"version-history":[{"count":1,"href":"http:\/\/www.noticiasdelparana.com.ar\/NuevaEdicion\/wp-json\/wp\/v2\/posts\/382854\/revisions"}],"predecessor-version":[{"id":382856,"href":"http:\/\/www.noticiasdelparana.com.ar\/NuevaEdicion\/wp-json\/wp\/v2\/posts\/382854\/revisions\/382856"}],"wp:featuredmedia":[{"embeddable":true,"href":"http:\/\/www.noticiasdelparana.com.ar\/NuevaEdicion\/wp-json\/wp\/v2\/media\/382855"}],"wp:attachment":[{"href":"http:\/\/www.noticiasdelparana.com.ar\/NuevaEdicion\/wp-json\/wp\/v2\/media?parent=382854"}],"wp:term":[{"taxonomy":"category","embeddable":true,"href":"http:\/\/www.noticiasdelparana.com.ar\/NuevaEdicion\/wp-json\/wp\/v2\/categories?post=382854"},{"taxonomy":"post_tag","embeddable":true,"href":"http:\/\/www.noticiasdelparana.com.ar\/NuevaEdicion\/wp-json\/wp\/v2\/tags?post=382854"}],"curies":[{"name":"wp","href":"https:\/\/api.w.org\/{rel}","templated":true}]}}