{"id":382857,"date":"2026-09-04T13:22:20","date_gmt":"2026-09-04T16:22:20","guid":{"rendered":"http:\/\/www.noticiasdelparana.com.ar\/NuevaEdicion\/?p=382857"},"modified":"2026-09-04T13:22:27","modified_gmt":"2026-09-04T16:22:27","slug":"barranqueras-santi-toco-la-campana-y-completo-su-tratamiento-de-radioterapia","status":"publish","type":"post","link":"http:\/\/www.noticiasdelparana.com.ar\/NuevaEdicion\/2026\/09\/04\/barranqueras-santi-toco-la-campana-y-completo-su-tratamiento-de-radioterapia\/","title":{"rendered":"BARRANQUERAS: Santi Toc\u00f3 La Campana Y Complet\u00f3 Su Tratamiento De Radioterapia"},"content":{"rendered":"\n<p>Acompa\u00f1ado por su mam\u00e1, Aldana, el joven viene atravesando una intensa lucha contra la enfermedad, alternando su estad\u00eda entre Casa Chaco y los centros m\u00e9dicos donde recibe atenci\u00f3n especializada. Durante este tiempo, su historia moviliz\u00f3 a vecinos, amigos y a toda una comunidad que sigui\u00f3 de cerca cada avance de su recuperaci\u00f3n.<\/p>\n\n\n\n<p>El emotivo momento de tocar la campana representa un importante paso dentro de su tratamiento y fue celebrado por familiares, allegados y todas las personas que acompa\u00f1aron con mensajes, oraciones y gestos solidarios.<\/p>\n\n\n\n<p>La familia destac\u00f3 la fortaleza con la que Santi enfrent\u00f3 cada etapa del proceso, demostrando una gran entereza pese a las dificultades que implic\u00f3 permanecer lejos de su hogar durante varios meses.<\/p>\n\n\n\n<p>Si bien el camino m\u00e9dico contin\u00faa con controles y seguimiento profesional, la finalizaci\u00f3n de la radioterapia marca un logro significativo y una nueva etapa llena de esperanza para el joven barranquere\u00f1o.<\/p>\n\n\n\n<p>La imagen de Santi tocando la campana se convirti\u00f3 en un s\u00edmbolo de perseverancia, fe y lucha, reflejando la fuerza con la que afront\u00f3 cada desaf\u00edo en estos meses de tratamiento.<\/p>\n","protected":false},"excerpt":{"rendered":"<p>04-Sep-26 Una noticia cargada de emoci\u00f3n y esperanza lleg\u00f3 este viernes desde Buenos Aires. Santi, el adolescente de 14 a\u00f1os oriundo de Barranqueras que desde hace varios meses enfrenta un tratamiento oncol\u00f3gico, toc\u00f3 la campana que simboliza la finalizaci\u00f3n de sus sesiones de radioterapia.<\/p>\n","protected":false},"author":3,"featured_media":382858,"comment_status":"closed","ping_status":"closed","sticky":false,"template":"","format":"standard","meta":[],"categories":[99,108],"tags":[],"_links":{"self":[{"href":"http:\/\/www.noticiasdelparana.com.ar\/NuevaEdicion\/wp-json\/wp\/v2\/posts\/382857"}],"collection":[{"href":"http:\/\/www.noticiasdelparana.com.ar\/NuevaEdicion\/wp-json\/wp\/v2\/posts"}],"about":[{"href":"http:\/\/www.noticiasdelparana.com.ar\/NuevaEdicion\/wp-json\/wp\/v2\/types\/post"}],"author":[{"embeddable":true,"href":"http:\/\/www.noticiasdelparana.com.ar\/NuevaEdicion\/wp-json\/wp\/v2\/users\/3"}],"replies":[{"embeddable":true,"href":"http:\/\/www.noticiasdelparana.com.ar\/NuevaEdicion\/wp-json\/wp\/v2\/comments?post=382857"}],"version-history":[{"count":1,"href":"http:\/\/www.noticiasdelparana.com.ar\/NuevaEdicion\/wp-json\/wp\/v2\/posts\/382857\/revisions"}],"predecessor-version":[{"id":382859,"href":"http:\/\/www.noticiasdelparana.com.ar\/NuevaEdicion\/wp-json\/wp\/v2\/posts\/382857\/revisions\/382859"}],"wp:featuredmedia":[{"embeddable":true,"href":"http:\/\/www.noticiasdelparana.com.ar\/NuevaEdicion\/wp-json\/wp\/v2\/media\/382858"}],"wp:attachment":[{"href":"http:\/\/www.noticiasdelparana.com.ar\/NuevaEdicion\/wp-json\/wp\/v2\/media?parent=382857"}],"wp:term":[{"taxonomy":"category","embeddable":true,"href":"http:\/\/www.noticiasdelparana.com.ar\/NuevaEdicion\/wp-json\/wp\/v2\/categories?post=382857"},{"taxonomy":"post_tag","embeddable":true,"href":"http:\/\/www.noticiasdelparana.com.ar\/NuevaEdicion\/wp-json\/wp\/v2\/tags?post=382857"}],"curies":[{"name":"wp","href":"https:\/\/api.w.org\/{rel}","templated":true}]}}