{"id":382860,"date":"2026-09-04T13:30:46","date_gmt":"2026-09-04T16:30:46","guid":{"rendered":"http:\/\/www.noticiasdelparana.com.ar\/NuevaEdicion\/?p=382860"},"modified":"2026-09-04T13:30:51","modified_gmt":"2026-09-04T16:30:51","slug":"puerto-vilelas-el-club-defensores-organiza-la-primera-edicion-del-torneo-de-voley-el-verde","status":"publish","type":"post","link":"http:\/\/www.noticiasdelparana.com.ar\/NuevaEdicion\/2026\/09\/04\/puerto-vilelas-el-club-defensores-organiza-la-primera-edicion-del-torneo-de-voley-el-verde\/","title":{"rendered":"PUERTO VILELAS:  El Club Defensores Organiza La Primera Edici\u00f3n Del Torneo De V\u00f3ley \u201cEl Verde\u201d"},"content":{"rendered":"\n<p>El certamen estar\u00e1 destinado a las ramas femenina y masculina, en la categor\u00eda Primera Libre Amateur, con el objetivo de promover la pr\u00e1ctica deportiva y generar un espacio de encuentro para los amantes del v\u00f3ley de la regi\u00f3n.<\/p>\n\n\n\n<p>La organizaci\u00f3n inform\u00f3 que la inscripci\u00f3n tendr\u00e1 un costo de 80 mil pesos por equipo, monto que incluye el servicio de arbitraje para toda la competencia.<\/p>\n\n\n\n<p>Desde la coordinaci\u00f3n del Microestadio Defensores de Vilelas destacaron que se espera una importante convocatoria de equipos y p\u00fablico, en lo que ser\u00e1 una nueva propuesta deportiva para la localidad.<\/p>\n\n\n\n<p>Los interesados en participar podr\u00e1n realizar consultas e inscripciones comunic\u00e1ndose con los profesores Dardo al 3624-228011 o El\u00edas al 3625-318915.<\/p>\n\n\n\n<p>La competencia es organizada por el Club Atl\u00e9tico Defensores de Vilelas junto a la Coordinaci\u00f3n del Microestadio, y marcar\u00e1 el inicio de un torneo que busca consolidarse dentro del calendario deportivo de la regi\u00f3n<\/p>\n","protected":false},"excerpt":{"rendered":"<p>04-Sep-26 El Club Atl\u00e9tico Defensores de Vilelas anunci\u00f3 la realizaci\u00f3n de la primera edici\u00f3n del torneo de v\u00f3ley \u201cEl Verde\u201d, una competencia que reunir\u00e1 a equipos de distintas localidades durante los d\u00edas 3 y 4 de octubre en el microestadio de la instituci\u00f3n.<\/p>\n","protected":false},"author":3,"featured_media":382861,"comment_status":"closed","ping_status":"closed","sticky":false,"template":"","format":"standard","meta":[],"categories":[108,101],"tags":[],"_links":{"self":[{"href":"http:\/\/www.noticiasdelparana.com.ar\/NuevaEdicion\/wp-json\/wp\/v2\/posts\/382860"}],"collection":[{"href":"http:\/\/www.noticiasdelparana.com.ar\/NuevaEdicion\/wp-json\/wp\/v2\/posts"}],"about":[{"href":"http:\/\/www.noticiasdelparana.com.ar\/NuevaEdicion\/wp-json\/wp\/v2\/types\/post"}],"author":[{"embeddable":true,"href":"http:\/\/www.noticiasdelparana.com.ar\/NuevaEdicion\/wp-json\/wp\/v2\/users\/3"}],"replies":[{"embeddable":true,"href":"http:\/\/www.noticiasdelparana.com.ar\/NuevaEdicion\/wp-json\/wp\/v2\/comments?post=382860"}],"version-history":[{"count":1,"href":"http:\/\/www.noticiasdelparana.com.ar\/NuevaEdicion\/wp-json\/wp\/v2\/posts\/382860\/revisions"}],"predecessor-version":[{"id":382862,"href":"http:\/\/www.noticiasdelparana.com.ar\/NuevaEdicion\/wp-json\/wp\/v2\/posts\/382860\/revisions\/382862"}],"wp:featuredmedia":[{"embeddable":true,"href":"http:\/\/www.noticiasdelparana.com.ar\/NuevaEdicion\/wp-json\/wp\/v2\/media\/382861"}],"wp:attachment":[{"href":"http:\/\/www.noticiasdelparana.com.ar\/NuevaEdicion\/wp-json\/wp\/v2\/media?parent=382860"}],"wp:term":[{"taxonomy":"category","embeddable":true,"href":"http:\/\/www.noticiasdelparana.com.ar\/NuevaEdicion\/wp-json\/wp\/v2\/categories?post=382860"},{"taxonomy":"post_tag","embeddable":true,"href":"http:\/\/www.noticiasdelparana.com.ar\/NuevaEdicion\/wp-json\/wp\/v2\/tags?post=382860"}],"curies":[{"name":"wp","href":"https:\/\/api.w.org\/{rel}","templated":true}]}}