{"id":382863,"date":"2026-09-04T14:01:29","date_gmt":"2026-09-04T17:01:29","guid":{"rendered":"http:\/\/www.noticiasdelparana.com.ar\/NuevaEdicion\/?p=382863"},"modified":"2026-09-04T14:01:31","modified_gmt":"2026-09-04T17:01:31","slug":"saenz-pena-inauguraron-la-remodelacion-del-ciff-algarabia","status":"publish","type":"post","link":"http:\/\/www.noticiasdelparana.com.ar\/NuevaEdicion\/2026\/09\/04\/saenz-pena-inauguraron-la-remodelacion-del-ciff-algarabia\/","title":{"rendered":"S\u00c1ENZ PE\u00d1A: Inauguraron La Remodelaci\u00f3n Del CIFF \u201cAlgarab\u00eda\u201d"},"content":{"rendered":"\n<p>Este viernes, el gobernador Leandro Zdero encabez\u00f3 la habilitaci\u00f3n del Centro de Integraci\u00f3n y Fortalecimiento Familiar (CIFF) N\u00b0 2 \u201cAlgarab\u00eda\u201d, que fue completamente refaccionado, luego de m\u00e1s de 16 a\u00f1os de espera.&nbsp;<\/p>\n\n\n\n<p>La intervenci\u00f3n fue ejecutada a trav\u00e9s del trabajo articulado entre el Gobierno provincial, el Ministerio de Desarrollo Humano y de Obras P\u00fablicas, con el objetivo de recuperar un espacio que durante m\u00e1s de 16 a\u00f1os esperaba por una refacci\u00f3n integral. \u201cEstamos recuperando y fortaleciendo estos espacios para acompa\u00f1ar el crecimiento de los ni\u00f1os, pero tambi\u00e9n para formarlos en valores\u201d, sostuvo Zdero, y remarc\u00f3 que el Estado debe estar presente especialmente cuando existen ni\u00f1os que necesitan contenci\u00f3n, acompa\u00f1amiento o atraviesan situaciones familiares y judiciales complejas.<\/p>\n\n\n\n<p>El mandatario, acompa\u00f1ado del intendente Bruno Cipolini, el ministro de Desarrollo Humano, Diego Guti\u00e9rrez; el ministro de Gobierno Carim Peche; la subsecretaria de Ni\u00f1ez, Gabriela Madzarevich; el diputado provincial, Edgardo Reguera; y dem\u00e1s autoridades, destac\u00f3 adem\u00e1s la importancia del trabajo conjunto entre los ministerios de Desarrollo Humano, Educaci\u00f3n y Salud, as\u00ed como la articulaci\u00f3n con el Poder Judicial y otros organismos del Estado para fortalecer los dispositivos de protecci\u00f3n y acompa\u00f1amiento de ni\u00f1os y adolescentes. \u201cTenemos que trabajar de manera conjunta para que los espacios curriculares que brinda el Ministerio de Educaci\u00f3n est\u00e9n acompa\u00f1ados por las acciones de Desarrollo Humano y podamos garantizar una verdadera contenci\u00f3n\u201d, se\u00f1al\u00f3.<\/p>\n\n\n\n<p>El CIFF \u201cAlgarab\u00eda\u201d integra dos modalidades de atenci\u00f3n: por un lado, el servicio educativo destinado a ni\u00f1os desde los 45 d\u00edas, y por otro, el acompa\u00f1amiento integral que brinda Desarrollo Humano a los ni\u00f1os y sus familias.<\/p>\n\n\n\n<p>En este sentido, Zdero explic\u00f3 que se trata de una pol\u00edtica que busca garantizar que el Estado pueda acompa\u00f1ar a ni\u00f1os que no cuentan con un entorno familiar adecuado o que se encuentran separados de sus familias por diferentes situaciones judiciales.<\/p>\n\n\n\n<p>UN ESPACIO RENOVADO DESPU\u00c9S DE M\u00c1S DE 16 A\u00d1OS<\/p>\n\n\n\n<p>La directora del Jard\u00edn de Infantes N\u00b0 40 \u201cDominguito\u201d, Mariana Marinich, destac\u00f3 la importancia de la obra y record\u00f3 que las instituciones educativas que funcionan en el lugar esperaban desde hac\u00eda m\u00e1s de 16 a\u00f1os la concreci\u00f3n de las refacciones. \u201cEs una alegr\u00eda inmensa. A\u00f1o tras a\u00f1o las esperanzas estaban a flor de piel y parec\u00eda que todo iba a empezar, pero despu\u00e9s no pasaba nada. Hoy finalmente podemos ver este sue\u00f1o concretado\u201d, expres\u00f3.<\/p>\n\n\n\n<p>La intervenci\u00f3n permiti\u00f3 renovar completamente las salas, incorporar ba\u00f1os internos para cada secci\u00f3n, generar nuevos espacios para docentes, ampliar ventanas, instalar sensores de humo y equipos de aire acondicionado, entre otras mejoras.<\/p>\n\n\n\n<p>Marinich explic\u00f3 que las tres secciones educativas que funcionan en el lugar pertenecen al Jard\u00edn de Infantes N\u00b0 40 y que el espacio cumple adem\u00e1s una importante funci\u00f3n de contenci\u00f3n familiar. \u201cEl CIFF no solamente recibe a los ni\u00f1os, sino tambi\u00e9n a las familias que los acompa\u00f1an. Hay un grupo interdisciplinario que brinda contenci\u00f3n econ\u00f3mica, emocional y psicol\u00f3gica\u201d, explic\u00f3.<\/p>\n\n\n\n<p>La directora valor\u00f3 especialmente las condiciones actuales del edificio y agradeci\u00f3 al Gobernador por la concreci\u00f3n de una obra largamente esperada por docentes, familias y la comunidad educativa.<\/p>\n\n\n\n<p>CONTIN\u00daA EL PROGRAMA \u201cVER PARA SER LIBRES\u201d<\/p>\n\n\n\n<p>Durante la jornada tambi\u00e9n se concret\u00f3 una nueva entrega de anteojos en el marco del programa Ver para Ser Libres, iniciativa que el Gobierno del Chaco desarrolla en articulaci\u00f3n con el Gobierno nacional para facilitar el acceso a controles oftalmol\u00f3gicos y anteojos a ni\u00f1os y adolescentes.<\/p>\n\n\n\n<p>Zdero destac\u00f3 que S\u00e1enz Pe\u00f1a fue uno de los primeros puntos del pa\u00eds donde comenz\u00f3 a implementarse esta pol\u00edtica y valor\u00f3 el alcance que tuvo en distintas localidades chaque\u00f1as.<\/p>\n\n\n\n<p>\u201cSeguimos avanzando con este programa, que permite que muchos chicos puedan realizarse los controles y, cuando corresponde, recibir sus anteojos\u201d, indic\u00f3.<\/p>\n\n\n\n<p>El Gobernador explic\u00f3 que algunos anteojos son entregados de manera inmediata luego del control, mientras que aquellos que requieren mayor complejidad son confeccionados mediante procesos espec\u00edficos de laboratorio y \u00f3ptica.<\/p>\n\n\n\n<p>\u201cEsto es una articulaci\u00f3n que hacemos con el Gobierno nacional y que nos permite seguir garantizando derechos y acompa\u00f1ando a nuestros ni\u00f1os\u201d, remarc\u00f3.<\/p>\n\n\n\n<p>Zdero se\u00f1al\u00f3 finalmente que la recuperaci\u00f3n del CIFF \u201cAlgarab\u00eda\u201d forma parte de una pol\u00edtica provincial destinada a poner en alto y fortalecer los dispositivos de atenci\u00f3n y contenci\u00f3n en todo el territorio chaque\u00f1o. \u201cMucho falta, porque tenemos que seguir trabajando, pero estamos recuperando estos espacios y d\u00e1ndoles el sentido que realmente tienen que tener: contener, acompa\u00f1ar y fortalecer a nuestros ni\u00f1os y a sus familias\u201d, concluy\u00f3.<\/p>\n","protected":false},"excerpt":{"rendered":"<p>04-Sep-26 Adem\u00e1s, se realiz\u00f3 una nueva entrega de anteojos en el marco del programa Ver para Ser Libres.<\/p>\n","protected":false},"author":3,"featured_media":382864,"comment_status":"closed","ping_status":"closed","sticky":false,"template":"","format":"standard","meta":[],"categories":[98],"tags":[],"_links":{"self":[{"href":"http:\/\/www.noticiasdelparana.com.ar\/NuevaEdicion\/wp-json\/wp\/v2\/posts\/382863"}],"collection":[{"href":"http:\/\/www.noticiasdelparana.com.ar\/NuevaEdicion\/wp-json\/wp\/v2\/posts"}],"about":[{"href":"http:\/\/www.noticiasdelparana.com.ar\/NuevaEdicion\/wp-json\/wp\/v2\/types\/post"}],"author":[{"embeddable":true,"href":"http:\/\/www.noticiasdelparana.com.ar\/NuevaEdicion\/wp-json\/wp\/v2\/users\/3"}],"replies":[{"embeddable":true,"href":"http:\/\/www.noticiasdelparana.com.ar\/NuevaEdicion\/wp-json\/wp\/v2\/comments?post=382863"}],"version-history":[{"count":1,"href":"http:\/\/www.noticiasdelparana.com.ar\/NuevaEdicion\/wp-json\/wp\/v2\/posts\/382863\/revisions"}],"predecessor-version":[{"id":382865,"href":"http:\/\/www.noticiasdelparana.com.ar\/NuevaEdicion\/wp-json\/wp\/v2\/posts\/382863\/revisions\/382865"}],"wp:featuredmedia":[{"embeddable":true,"href":"http:\/\/www.noticiasdelparana.com.ar\/NuevaEdicion\/wp-json\/wp\/v2\/media\/382864"}],"wp:attachment":[{"href":"http:\/\/www.noticiasdelparana.com.ar\/NuevaEdicion\/wp-json\/wp\/v2\/media?parent=382863"}],"wp:term":[{"taxonomy":"category","embeddable":true,"href":"http:\/\/www.noticiasdelparana.com.ar\/NuevaEdicion\/wp-json\/wp\/v2\/categories?post=382863"},{"taxonomy":"post_tag","embeddable":true,"href":"http:\/\/www.noticiasdelparana.com.ar\/NuevaEdicion\/wp-json\/wp\/v2\/tags?post=382863"}],"curies":[{"name":"wp","href":"https:\/\/api.w.org\/{rel}","templated":true}]}}