{"id":382866,"date":"2026-09-04T14:06:31","date_gmt":"2026-09-04T17:06:31","guid":{"rendered":"http:\/\/www.noticiasdelparana.com.ar\/NuevaEdicion\/?p=382866"},"modified":"2026-09-04T14:06:34","modified_gmt":"2026-09-04T17:06:34","slug":"chaco-record-de-recaudacion-mas-de-455-millones-por-vehiculos-en-desuso","status":"publish","type":"post","link":"http:\/\/www.noticiasdelparana.com.ar\/NuevaEdicion\/2026\/09\/04\/chaco-record-de-recaudacion-mas-de-455-millones-por-vehiculos-en-desuso\/","title":{"rendered":"CHACO:   R\u00e9cord De Recaudaci\u00f3n: M\u00e1s De $455 Millones Por Veh\u00edculos En Desuso"},"content":{"rendered":"\n<p>El Gobierno del Chaco concret\u00f3 este viernes la 7\u00aa subasta de bienes del Estado en desuso, con una recaudaci\u00f3n superior a los 455 millones de pesos, en una jornada desarrollada en las instalaciones del CEF N\u00b0 1 de Resistencia.<\/p>\n\n\n\n<p>En esta oportunidad, fueron puestos a remate 39 veh\u00edculos oficiales, entre camionetas, ambulancias y autom\u00f3viles, correspondientes a modelos fabricados entre 2007 y 2021. Una unidad qued\u00f3 para la pr\u00f3xima subasta debido a que no pudo concretarse la oferta realizada.<\/p>\n\n\n\n<p>Los precios de base oscilaron entre $1.800.000 y $3.800.000, de acuerdo con las caracter\u00edsticas, el modelo y el estado de cada veh\u00edculo.<\/p>\n\n\n\n<p>LOS RECURSOS VUELVEN A LA GENTE<\/p>\n\n\n\n<p>El secretario general de la Gobernaci\u00f3n, Julio Ferro, destac\u00f3 que la decisi\u00f3n de la gesti\u00f3n provincial es que los recursos obtenidos mediante la venta de bienes en desuso tengan un destino concreto y respondan a necesidades prioritarias de la comunidad. \u201cCuando se venden veh\u00edculos del Estado, lo normal es volver a comprar veh\u00edculos. Para el gobernador la prioridad fue que lo recaudado pueda llegar a la gente de manera concreta, que se reinvierta en materia de salud, seguridad y educaci\u00f3n\u201d, explic\u00f3.<\/p>\n\n\n\n<p>Ferro record\u00f3 que los recursos obtenidos en anteriores subastas ya permitieron adquirir camionetas 4&#215;4 y ambulancias destinadas a la regi\u00f3n del Impenetrable, comprar m\u00e1s de 2.000 ventiladores industriales para escuelas y realizar la reparaci\u00f3n integral del Centro de Salud de Villa R\u00edo Negro.<\/p>\n\n\n\n<p>Actualmente, tambi\u00e9n se avanza con la remodelaci\u00f3n del Centro Odontol\u00f3gico de Santa Polonia y con la planificaci\u00f3n de 10 nuevos consultorios para el Hospital Perrando.<\/p>\n\n\n\n<p>Respecto de los fondos obtenidos en esta nueva edici\u00f3n, Ferro se\u00f1al\u00f3: \u201cCon lo que se recaude en esta edici\u00f3n, el gobernador ya dio instrucciones para que se analice la inversi\u00f3n en materia de seguridad. Iremos planificando los pasos a seguir\u201d.<\/p>\n\n\n\n<p>TRANSPARENCIA Y FISCALIZACI\u00d3N<\/p>\n\n\n\n<p>El proceso de subasta cuenta con la participaci\u00f3n y fiscalizaci\u00f3n del Colegio de Martilleros del Chaco, con el objetivo de garantizar la transparencia, legalidad y orden de las operaciones.<\/p>\n\n\n\n<p>El presidente de la entidad, Miguel Ram\u00edrez, agradeci\u00f3 al Gobierno provincial por la continuidad de este mecanismo y destac\u00f3 que se trata de un proceso transparente que se viene desarrollando desde el a\u00f1o pasado.<\/p>\n\n\n\n<p>En cuanto al procedimiento para los compradores, explic\u00f3 que una vez adjudicado el bien, se debe abonar el 10% correspondiente a la comisi\u00f3n y el 20% de se\u00f1a al Gobierno del Chaco, lo que formaliza el compromiso de compra. Luego, se establece un plazo para el retiro del veh\u00edculo del predio.<\/p>\n\n\n\n<p>UN MECANISMO PARA RECUPERAR VALOR DEL PARQUE AUTOMOTOR<\/p>\n\n\n\n<p>Por otra parte, Ferro anticip\u00f3 que el Gobierno provincial trabaja en una alternativa para aquellos veh\u00edculos cuyo nivel de deterioro impide incorporarlos a una subasta tradicional.<\/p>\n\n\n\n<p>\u201cTenemos un parque automotor que no est\u00e1 en condiciones de ser subastado, est\u00e1 muy inutilizado. Queremos implementar un procedimiento de permuta para poder intercambiarlos por veh\u00edculos que sean de utilidad para el Estado provincial\u201d, explic\u00f3.<\/p>\n\n\n\n<p>La iniciativa contempla, como posibilidad, intercambiar lotes de veh\u00edculos inutilizados por unidades en condiciones de ser incorporadas a la flota provincial, evitando gastos innecesarios de mantenimiento y reduciendo riesgos vinculados al abandono o sustracci\u00f3n de bienes.<\/p>\n\n\n\n<p>El Gobierno del Chaco contin\u00faa con el proceso de ordenamiento y puesta en valor del patrimonio estatal, transformando bienes en desuso en recursos destinados a atender necesidades concretas de la poblaci\u00f3n.<\/p>\n","protected":false},"excerpt":{"rendered":"<p>04-Sep-26 Este viernes, en la s\u00e9ptima subasta de bienes del Estado en desuso se remataron veh\u00edculos oficiales en Resistencia. La gesti\u00f3n provincial definir\u00e1 la inversi\u00f3n de lo recaudado en \u00e1reas como seguridad, salud y educaci\u00f3n.<\/p>\n","protected":false},"author":3,"featured_media":382867,"comment_status":"closed","ping_status":"closed","sticky":false,"template":"","format":"standard","meta":[],"categories":[98],"tags":[],"_links":{"self":[{"href":"http:\/\/www.noticiasdelparana.com.ar\/NuevaEdicion\/wp-json\/wp\/v2\/posts\/382866"}],"collection":[{"href":"http:\/\/www.noticiasdelparana.com.ar\/NuevaEdicion\/wp-json\/wp\/v2\/posts"}],"about":[{"href":"http:\/\/www.noticiasdelparana.com.ar\/NuevaEdicion\/wp-json\/wp\/v2\/types\/post"}],"author":[{"embeddable":true,"href":"http:\/\/www.noticiasdelparana.com.ar\/NuevaEdicion\/wp-json\/wp\/v2\/users\/3"}],"replies":[{"embeddable":true,"href":"http:\/\/www.noticiasdelparana.com.ar\/NuevaEdicion\/wp-json\/wp\/v2\/comments?post=382866"}],"version-history":[{"count":1,"href":"http:\/\/www.noticiasdelparana.com.ar\/NuevaEdicion\/wp-json\/wp\/v2\/posts\/382866\/revisions"}],"predecessor-version":[{"id":382868,"href":"http:\/\/www.noticiasdelparana.com.ar\/NuevaEdicion\/wp-json\/wp\/v2\/posts\/382866\/revisions\/382868"}],"wp:featuredmedia":[{"embeddable":true,"href":"http:\/\/www.noticiasdelparana.com.ar\/NuevaEdicion\/wp-json\/wp\/v2\/media\/382867"}],"wp:attachment":[{"href":"http:\/\/www.noticiasdelparana.com.ar\/NuevaEdicion\/wp-json\/wp\/v2\/media?parent=382866"}],"wp:term":[{"taxonomy":"category","embeddable":true,"href":"http:\/\/www.noticiasdelparana.com.ar\/NuevaEdicion\/wp-json\/wp\/v2\/categories?post=382866"},{"taxonomy":"post_tag","embeddable":true,"href":"http:\/\/www.noticiasdelparana.com.ar\/NuevaEdicion\/wp-json\/wp\/v2\/tags?post=382866"}],"curies":[{"name":"wp","href":"https:\/\/api.w.org\/{rel}","templated":true}]}}