{"id":382870,"date":"2026-09-04T14:27:56","date_gmt":"2026-09-04T17:27:56","guid":{"rendered":"http:\/\/www.noticiasdelparana.com.ar\/NuevaEdicion\/?p=382870"},"modified":"2026-09-04T14:41:06","modified_gmt":"2026-09-04T17:41:06","slug":"resistencia-el-ballet-flamencura-celebrara-sus-10-anos-de-trayectoria-en-el-italo","status":"publish","type":"post","link":"http:\/\/www.noticiasdelparana.com.ar\/NuevaEdicion\/2026\/09\/04\/resistencia-el-ballet-flamencura-celebrara-sus-10-anos-de-trayectoria-en-el-italo\/","title":{"rendered":"RESISTENCIA: El Ballet Flamencura Celebrar\u00e1 Sus 10 A\u00f1os De Trayectoria En El \u00cdtalo"},"content":{"rendered":"\n<p>Se trata del show \u201c10 a\u00f1os de alegr\u00edas\u201d, un espect\u00e1culo que invita a recorrer una d\u00e9cada de aprendizaje, encuentros y amor por la danza flamenca.<\/p>\n\n\n\n<p>La propuesta conmemorativa reunir\u00e1 sobre el escenario el esp\u00edritu que acompa\u00f1\u00f3 al Ballet Flamencura: la fuerza, la expresi\u00f3n, la pasi\u00f3n y la alegr\u00eda propias del flamenco, en una celebraci\u00f3n que busca compartir con el p\u00fablico todo lo construido a lo largo de este camino.<\/p>\n\n\n\n<p>Ser\u00e1 una oportunidad para reencontrarse con diferentes momentos de la historia del ballet y disfrutar de una puesta que celebra no solo el recorrido art\u00edstico, sino tambi\u00e9n los v\u00ednculos y experiencias que hicieron posible sostener este proyecto durante una d\u00e9cada.<\/p>\n\n\n\n<p>Participar\u00e1n int\u00e9rpretes en danza espa\u00f1ola que han colaborado con llevar el sello de Flamencura durante esta d\u00e9cada. Las coreograf\u00edas estar\u00e1n a cargo de David G\u00f3mez Maciel, Marcela Manzano y Ana Moro. Baile: Nazarena Chapedi, Milagros Bernald, Irene Dom\u00ednguez, Florencia Mambr\u00edn, Ariana Maglione, Catherina Ram\u00edrez, Naomi Sosa Serrano.<\/p>\n\n\n\n<p>Como invitada a la velada estar\u00e1 la compa\u00f1\u00eda M\u00e1laga (Danza Espa\u00f1ola) de la ciudad de Corrientes, a cargo de su directora Mariam Ben\u00edtez, junto a la Bailarina Solista Ana Moro.<\/p>\n\n\n\n<p>Las entradas se pueden adquirir en la boleter\u00eda del centro cultural los mi\u00e9rcoles y jueves, de 18 a 20:30, o el mismo d\u00eda de la funci\u00f3n.&nbsp;<\/p>\n\n\n\n<p> <\/p>\n\n\n\n<p> <\/p>\n\n\n\n<p> <\/p>\n\n\n\n<p> <\/p>\n\n\n\n<p> <\/p>\n\n\n\n<p> <\/p>\n\n\n\n<p> <\/p>\n\n\n\n<p> <\/p>\n\n\n\n<p> <\/p>\n\n\n\n<p> <\/p>\n\n\n\n<p> <\/p>\n\n\n\n<p> <\/p>\n\n\n\n<p> <\/p>\n","protected":false},"excerpt":{"rendered":"<p>04-Sep-26 El s\u00e1bado 26 de septiembre, a las 21, en el Centro Cultural \u00cdtalo Argentino (Av. Chaco 1701), el Ballet Flamencura celebrar\u00e1 sus diez a\u00f1os de trayectoria. <\/p>\n","protected":false},"author":3,"featured_media":382871,"comment_status":"closed","ping_status":"closed","sticky":false,"template":"","format":"standard","meta":[],"categories":[105],"tags":[],"_links":{"self":[{"href":"http:\/\/www.noticiasdelparana.com.ar\/NuevaEdicion\/wp-json\/wp\/v2\/posts\/382870"}],"collection":[{"href":"http:\/\/www.noticiasdelparana.com.ar\/NuevaEdicion\/wp-json\/wp\/v2\/posts"}],"about":[{"href":"http:\/\/www.noticiasdelparana.com.ar\/NuevaEdicion\/wp-json\/wp\/v2\/types\/post"}],"author":[{"embeddable":true,"href":"http:\/\/www.noticiasdelparana.com.ar\/NuevaEdicion\/wp-json\/wp\/v2\/users\/3"}],"replies":[{"embeddable":true,"href":"http:\/\/www.noticiasdelparana.com.ar\/NuevaEdicion\/wp-json\/wp\/v2\/comments?post=382870"}],"version-history":[{"count":2,"href":"http:\/\/www.noticiasdelparana.com.ar\/NuevaEdicion\/wp-json\/wp\/v2\/posts\/382870\/revisions"}],"predecessor-version":[{"id":382876,"href":"http:\/\/www.noticiasdelparana.com.ar\/NuevaEdicion\/wp-json\/wp\/v2\/posts\/382870\/revisions\/382876"}],"wp:featuredmedia":[{"embeddable":true,"href":"http:\/\/www.noticiasdelparana.com.ar\/NuevaEdicion\/wp-json\/wp\/v2\/media\/382871"}],"wp:attachment":[{"href":"http:\/\/www.noticiasdelparana.com.ar\/NuevaEdicion\/wp-json\/wp\/v2\/media?parent=382870"}],"wp:term":[{"taxonomy":"category","embeddable":true,"href":"http:\/\/www.noticiasdelparana.com.ar\/NuevaEdicion\/wp-json\/wp\/v2\/categories?post=382870"},{"taxonomy":"post_tag","embeddable":true,"href":"http:\/\/www.noticiasdelparana.com.ar\/NuevaEdicion\/wp-json\/wp\/v2\/tags?post=382870"}],"curies":[{"name":"wp","href":"https:\/\/api.w.org\/{rel}","templated":true}]}}