{"id":382873,"date":"2026-09-04T14:33:39","date_gmt":"2026-09-04T17:33:39","guid":{"rendered":"http:\/\/www.noticiasdelparana.com.ar\/NuevaEdicion\/?p=382873"},"modified":"2026-09-04T14:33:44","modified_gmt":"2026-09-04T17:33:44","slug":"resistencia-tres-jornadas-de-musica-y-solidaridad-en-el-centro-cultural-italo-argentino","status":"publish","type":"post","link":"http:\/\/www.noticiasdelparana.com.ar\/NuevaEdicion\/2026\/09\/04\/resistencia-tres-jornadas-de-musica-y-solidaridad-en-el-centro-cultural-italo-argentino\/","title":{"rendered":"RESISTENCIA: Tres Jornadas De M\u00fasica Y Solidaridad En El Centro Cultural \u00cdtalo Argentino"},"content":{"rendered":"\n<p>La iniciativa surge con el objetivo de acompa\u00f1ar a Dar\u00edo Alejandro Buttic\u00e9 y a su familia en el proceso que atraviesan y colaborar con la recaudaci\u00f3n necesaria para afrontar los costos de su tratamiento e intervenci\u00f3n quir\u00fargica. \u201cLa m\u00fasica tambi\u00e9n puede ser una forma de acompa\u00f1ar. Tres fechas, muchas voces y una comunidad unida por una causa\u201d, expresaron desde el centro cultural.<br>Durante las tres fechas, el p\u00fablico podr\u00e1 disfrutar de distintas propuestas musicales en un encuentro que busca combinar arte, solidaridad y comunidad. Cada jornada ser\u00e1 una oportunidad para encontrarse, compartir y ser parte de este acompa\u00f1amiento colectivo.<br>Alanis Butticc\u00e9, invita a toda la comunidad a sumarse a esta iniciativa y disfrutar de los artistas que ser\u00e1n parte del ciclo, que ella misma estar\u00e1 produciendo.<br>Las entradas est\u00e1n disponibles en la boleter\u00eda del Centro Cultural los mi\u00e9rcoles y jueves, de 18 a 20:30.<\/p>\n","protected":false},"excerpt":{"rendered":"<p>04-Sep-26 El Centro Cultural \u00cdtalo Argentino  invita una propuesta solidaria que reunir\u00e1 a artistas y bandas de la escena local durante el 6, 13 y 20 de septiembre, desde las 18 horas. Se trata del Ciclo Multibandas a beneficio de Dar\u00edo Buttic\u00e9.<\/p>\n","protected":false},"author":3,"featured_media":382874,"comment_status":"closed","ping_status":"closed","sticky":false,"template":"","format":"standard","meta":[],"categories":[105],"tags":[],"_links":{"self":[{"href":"http:\/\/www.noticiasdelparana.com.ar\/NuevaEdicion\/wp-json\/wp\/v2\/posts\/382873"}],"collection":[{"href":"http:\/\/www.noticiasdelparana.com.ar\/NuevaEdicion\/wp-json\/wp\/v2\/posts"}],"about":[{"href":"http:\/\/www.noticiasdelparana.com.ar\/NuevaEdicion\/wp-json\/wp\/v2\/types\/post"}],"author":[{"embeddable":true,"href":"http:\/\/www.noticiasdelparana.com.ar\/NuevaEdicion\/wp-json\/wp\/v2\/users\/3"}],"replies":[{"embeddable":true,"href":"http:\/\/www.noticiasdelparana.com.ar\/NuevaEdicion\/wp-json\/wp\/v2\/comments?post=382873"}],"version-history":[{"count":1,"href":"http:\/\/www.noticiasdelparana.com.ar\/NuevaEdicion\/wp-json\/wp\/v2\/posts\/382873\/revisions"}],"predecessor-version":[{"id":382875,"href":"http:\/\/www.noticiasdelparana.com.ar\/NuevaEdicion\/wp-json\/wp\/v2\/posts\/382873\/revisions\/382875"}],"wp:featuredmedia":[{"embeddable":true,"href":"http:\/\/www.noticiasdelparana.com.ar\/NuevaEdicion\/wp-json\/wp\/v2\/media\/382874"}],"wp:attachment":[{"href":"http:\/\/www.noticiasdelparana.com.ar\/NuevaEdicion\/wp-json\/wp\/v2\/media?parent=382873"}],"wp:term":[{"taxonomy":"category","embeddable":true,"href":"http:\/\/www.noticiasdelparana.com.ar\/NuevaEdicion\/wp-json\/wp\/v2\/categories?post=382873"},{"taxonomy":"post_tag","embeddable":true,"href":"http:\/\/www.noticiasdelparana.com.ar\/NuevaEdicion\/wp-json\/wp\/v2\/tags?post=382873"}],"curies":[{"name":"wp","href":"https:\/\/api.w.org\/{rel}","templated":true}]}}