{"id":382880,"date":"2026-09-04T14:52:32","date_gmt":"2026-09-04T17:52:32","guid":{"rendered":"http:\/\/www.noticiasdelparana.com.ar\/NuevaEdicion\/?p=382880"},"modified":"2026-09-04T14:52:38","modified_gmt":"2026-09-04T17:52:38","slug":"barranqueras-sergio-fabian-romero-volvio-a-destacarse-en-la-maraton-internacional-de-asuncion","status":"publish","type":"post","link":"http:\/\/www.noticiasdelparana.com.ar\/NuevaEdicion\/2026\/09\/04\/barranqueras-sergio-fabian-romero-volvio-a-destacarse-en-la-maraton-internacional-de-asuncion\/","title":{"rendered":"BARRANQUERAS:  Sergio Fabi\u00e1n Romero Volvi\u00f3 A Destacarse En La Marat\u00f3n Internacional De Asunci\u00f3n"},"content":{"rendered":"\n<p>La tradicional competencia reuni\u00f3 a cerca de 6.000 corredores de distintos pa\u00edses, quienes participaron en las pruebas de 42, 21 y 10 kil\u00f3metros, convirtiendo al evento en una de las citas m\u00e1s importantes del calendario atl\u00e9tico de la regi\u00f3n.<\/p>\n\n\n\n<p>Romero, reconocido maratonista de Barranqueras, compiti\u00f3 en la distancia de 10 kil\u00f3metros, donde logr\u00f3 quedarse con el primer puesto en la categor\u00eda de 60 a 64 a\u00f1os, ratificando una vez m\u00e1s su vigencia y nivel competitivo en pruebas de fondo.<\/p>\n\n\n\n<p>El deportista portuario volvi\u00f3 a subirse a lo m\u00e1s alto del podio gracias a una s\u00f3lida actuaci\u00f3n, representando con orgullo a Barranqueras y al deporte regional en una competencia de car\u00e1cter internacional.<\/p>\n\n\n\n<p>Asimismo, destac\u00f3 la excelente organizaci\u00f3n del evento y la hospitalidad brindada por los anfitriones paraguayos, quienes cuidaron cada detalle para garantizar el \u00e9xito de la jornada deportiva.<\/p>\n\n\n\n<p>Con este nuevo triunfo, Sergio Fabi\u00e1n Romero contin\u00faa consolid\u00e1ndose como uno de los principales referentes del atletismo m\u00e1ster de la regi\u00f3n, llevando el nombre de Barranqueras a lo m\u00e1s alto en cada competencia en la que participa.<\/p>\n","protected":false},"excerpt":{"rendered":"<p>03-Sep-26  El atleta barranquere\u00f1o Sergio Fabi\u00e1n Romero sum\u00f3 un nuevo logro a su destacada trayectoria deportiva al consagrarse ganador en su categor\u00eda durante la Marat\u00f3n Internacional de Asunci\u00f3n, disputada el pasado 30 de agosto en Paraguay.<\/p>\n","protected":false},"author":3,"featured_media":382881,"comment_status":"closed","ping_status":"closed","sticky":false,"template":"","format":"standard","meta":[],"categories":[99,108],"tags":[],"_links":{"self":[{"href":"http:\/\/www.noticiasdelparana.com.ar\/NuevaEdicion\/wp-json\/wp\/v2\/posts\/382880"}],"collection":[{"href":"http:\/\/www.noticiasdelparana.com.ar\/NuevaEdicion\/wp-json\/wp\/v2\/posts"}],"about":[{"href":"http:\/\/www.noticiasdelparana.com.ar\/NuevaEdicion\/wp-json\/wp\/v2\/types\/post"}],"author":[{"embeddable":true,"href":"http:\/\/www.noticiasdelparana.com.ar\/NuevaEdicion\/wp-json\/wp\/v2\/users\/3"}],"replies":[{"embeddable":true,"href":"http:\/\/www.noticiasdelparana.com.ar\/NuevaEdicion\/wp-json\/wp\/v2\/comments?post=382880"}],"version-history":[{"count":1,"href":"http:\/\/www.noticiasdelparana.com.ar\/NuevaEdicion\/wp-json\/wp\/v2\/posts\/382880\/revisions"}],"predecessor-version":[{"id":382882,"href":"http:\/\/www.noticiasdelparana.com.ar\/NuevaEdicion\/wp-json\/wp\/v2\/posts\/382880\/revisions\/382882"}],"wp:featuredmedia":[{"embeddable":true,"href":"http:\/\/www.noticiasdelparana.com.ar\/NuevaEdicion\/wp-json\/wp\/v2\/media\/382881"}],"wp:attachment":[{"href":"http:\/\/www.noticiasdelparana.com.ar\/NuevaEdicion\/wp-json\/wp\/v2\/media?parent=382880"}],"wp:term":[{"taxonomy":"category","embeddable":true,"href":"http:\/\/www.noticiasdelparana.com.ar\/NuevaEdicion\/wp-json\/wp\/v2\/categories?post=382880"},{"taxonomy":"post_tag","embeddable":true,"href":"http:\/\/www.noticiasdelparana.com.ar\/NuevaEdicion\/wp-json\/wp\/v2\/tags?post=382880"}],"curies":[{"name":"wp","href":"https:\/\/api.w.org\/{rel}","templated":true}]}}