{"id":382883,"date":"2026-09-04T17:36:51","date_gmt":"2026-09-04T20:36:51","guid":{"rendered":"http:\/\/www.noticiasdelparana.com.ar\/NuevaEdicion\/?p=382883"},"modified":"2026-09-04T17:36:59","modified_gmt":"2026-09-04T20:36:59","slug":"resistencia-recuperaron-una-motocicleta-con-pedido-de-secuestro-por-una-causa-de-estafa","status":"publish","type":"post","link":"http:\/\/www.noticiasdelparana.com.ar\/NuevaEdicion\/2026\/09\/04\/resistencia-recuperaron-una-motocicleta-con-pedido-de-secuestro-por-una-causa-de-estafa\/","title":{"rendered":"RESISTENCIA: Recuperaron Una Motocicleta Con Pedido De Secuestro Por Una Causa De Estafa"},"content":{"rendered":"\n<p>Los agentes interceptaron el rodado Honda de 150 cilindradas y, tras verificar sus datos, constataron que era requerido por la Comisar\u00eda Quinta de Resistencia en el marco de una investigaci\u00f3n por presunta estafa.<\/p>\n\n\n\n<p>La motocicleta fue secuestrada y trasladada junto con las actuaciones a la dependencia policial solicitante, quedando a disposici\u00f3n de la autoridad judicial interviniente.<\/p>\n","protected":false},"excerpt":{"rendered":"<p>04-Sep-26 El procedimiento se realiz\u00f3 durante un operativo de control motovehicular e identificaci\u00f3n de personas, donde efectivos de la Comisar\u00eda S\u00e9ptima Metropolitana detectan una motocicleta que registraba un pedido activo de secuestro.<\/p>\n","protected":false},"author":3,"featured_media":382885,"comment_status":"closed","ping_status":"closed","sticky":false,"template":"","format":"standard","meta":[],"categories":[103],"tags":[],"_links":{"self":[{"href":"http:\/\/www.noticiasdelparana.com.ar\/NuevaEdicion\/wp-json\/wp\/v2\/posts\/382883"}],"collection":[{"href":"http:\/\/www.noticiasdelparana.com.ar\/NuevaEdicion\/wp-json\/wp\/v2\/posts"}],"about":[{"href":"http:\/\/www.noticiasdelparana.com.ar\/NuevaEdicion\/wp-json\/wp\/v2\/types\/post"}],"author":[{"embeddable":true,"href":"http:\/\/www.noticiasdelparana.com.ar\/NuevaEdicion\/wp-json\/wp\/v2\/users\/3"}],"replies":[{"embeddable":true,"href":"http:\/\/www.noticiasdelparana.com.ar\/NuevaEdicion\/wp-json\/wp\/v2\/comments?post=382883"}],"version-history":[{"count":1,"href":"http:\/\/www.noticiasdelparana.com.ar\/NuevaEdicion\/wp-json\/wp\/v2\/posts\/382883\/revisions"}],"predecessor-version":[{"id":382886,"href":"http:\/\/www.noticiasdelparana.com.ar\/NuevaEdicion\/wp-json\/wp\/v2\/posts\/382883\/revisions\/382886"}],"wp:featuredmedia":[{"embeddable":true,"href":"http:\/\/www.noticiasdelparana.com.ar\/NuevaEdicion\/wp-json\/wp\/v2\/media\/382885"}],"wp:attachment":[{"href":"http:\/\/www.noticiasdelparana.com.ar\/NuevaEdicion\/wp-json\/wp\/v2\/media?parent=382883"}],"wp:term":[{"taxonomy":"category","embeddable":true,"href":"http:\/\/www.noticiasdelparana.com.ar\/NuevaEdicion\/wp-json\/wp\/v2\/categories?post=382883"},{"taxonomy":"post_tag","embeddable":true,"href":"http:\/\/www.noticiasdelparana.com.ar\/NuevaEdicion\/wp-json\/wp\/v2\/tags?post=382883"}],"curies":[{"name":"wp","href":"https:\/\/api.w.org\/{rel}","templated":true}]}}