{"id":382884,"date":"2026-09-04T17:38:41","date_gmt":"2026-09-04T20:38:41","guid":{"rendered":"http:\/\/www.noticiasdelparana.com.ar\/NuevaEdicion\/?p=382884"},"modified":"2026-09-04T17:38:44","modified_gmt":"2026-09-04T20:38:44","slug":"colonia-elisa-mas-de-230-tramites-de-dni-realizados-en-dos-jornadas","status":"publish","type":"post","link":"http:\/\/www.noticiasdelparana.com.ar\/NuevaEdicion\/2026\/09\/04\/colonia-elisa-mas-de-230-tramites-de-dni-realizados-en-dos-jornadas\/","title":{"rendered":"COLONIA ELISA: M\u00e1s De 230 Tr\u00e1mites De Dni Realizados En Dos Jornadas"},"content":{"rendered":"\n<p>Con un balance altamente positivo, finaliz\u00f3 en Colonia Elisa un nuevo Operativo de DNI que durante dos jornadas permiti\u00f3 concretar m\u00e1s de 230 tr\u00e1mites gratuitos para vecinos de la localidad y de distintos puntos de la zona rural.<\/p>\n\n\n\n<p>La iniciativa tuvo como uno de sus principales logros la llegada, por primera vez, a la zona rural, espec\u00edficamente al paraje Ing. Barbet, donde vecinos de distintos parajes pudieron acceder a servicios vinculados con su documentaci\u00f3n sin necesidad de trasladarse hasta el casco urbano.<\/p>\n\n\n\n<p>La presencia territorial de estos operativos representa una respuesta concreta para las comunidades m\u00e1s alejadas y permite facilitar el acceso a tr\u00e1mites esenciales, acercando los servicios del Estado a quienes viven y trabajan en zonas rurales.<\/p>\n\n\n\n<p>Durante las jornadas estuvo presente la directora del Registro Civil, Dra. Marcela Gonz\u00e1lez, quien acompa\u00f1\u00f3 el desarrollo de las actividades y destac\u00f3 la importancia de continuar llevando este tipo de servicios a las distintas localidades y comunidades del Chaco.<\/p>\n\n\n\n<p>La propuesta cont\u00f3 con el acompa\u00f1amiento del Ministerio de Gobierno, Justicia y Trabajo y de la Subsecretar\u00eda de Asuntos Registrables, cuya articulaci\u00f3n y predisposici\u00f3n hicieron posible la realizaci\u00f3n del operativo en Colonia Elisa.<\/p>\n\n\n\n<p>Asimismo, se destac\u00f3 especialmente la colaboraci\u00f3n del Club Uni\u00f3n, instituci\u00f3n que habitualmente facilita sus instalaciones para el desarrollo de operativos provinciales y que nuevamente puso su espacio a disposici\u00f3n para brindar atenci\u00f3n a los vecinos.<\/p>\n\n\n\n<p>\u201dGESTIONAR ES ESCUCHAR, ARTICULAR Y BUSCAR SOLUCIONES\u201d<\/p>\n\n\n\n<p>El concejal local, Fidel Ibarra. expres\u00f3 su satisfacci\u00f3n por el resultado alcanzado y remarc\u00f3 especialmente la llegada del operativo a la zona rural. \u201cPara nosotros es una enorme satisfacci\u00f3n poder concretar este tercer operativo y, especialmente, haber logrado que por primera vez llegue a nuestra zona rural. Cuando un vecino puede resolver un tr\u00e1mite cerca de su casa, estamos dando una respuesta concreta a una necesidad. Eso es lo que entendemos por gestionar: escuchar, articular y buscar soluciones\u201d.<\/p>\n\n\n\n<p>Ibarra tambi\u00e9n valor\u00f3 el acompa\u00f1amiento de los organismos provinciales y se\u00f1al\u00f3: \u201cQuiero agradecer al Ministerio de Gobierno, Justicia y Trabajo y a la Subsecretar\u00eda de Asuntos Registrables por la predisposici\u00f3n permanente. Estos operativos son una muestra de que el Gobierno de la Provincia busca que los servicios lleguen a cada rinc\u00f3n del Chaco\u201d.<\/p>\n\n\n\n<p>El operativo concretado en Colonia Elisa reafirma el objetivo de fortalecer la presencia territorial del Estado y garantizar que los servicios esenciales est\u00e9n al alcance de todos los chaque\u00f1os, independientemente del lugar donde vivan.<\/p>\n","protected":false},"excerpt":{"rendered":"<p>04-Sept-26 El operativo permiti\u00f3 acercar de manera gratuita servicios de documentaci\u00f3n a vecinos de la localidad y de la zona rural. Por primera vez, la atenci\u00f3n lleg\u00f3 al paraje Ing. Barbet.<\/p>\n","protected":false},"author":4,"featured_media":382887,"comment_status":"closed","ping_status":"closed","sticky":false,"template":"","format":"standard","meta":[],"categories":[98],"tags":[],"_links":{"self":[{"href":"http:\/\/www.noticiasdelparana.com.ar\/NuevaEdicion\/wp-json\/wp\/v2\/posts\/382884"}],"collection":[{"href":"http:\/\/www.noticiasdelparana.com.ar\/NuevaEdicion\/wp-json\/wp\/v2\/posts"}],"about":[{"href":"http:\/\/www.noticiasdelparana.com.ar\/NuevaEdicion\/wp-json\/wp\/v2\/types\/post"}],"author":[{"embeddable":true,"href":"http:\/\/www.noticiasdelparana.com.ar\/NuevaEdicion\/wp-json\/wp\/v2\/users\/4"}],"replies":[{"embeddable":true,"href":"http:\/\/www.noticiasdelparana.com.ar\/NuevaEdicion\/wp-json\/wp\/v2\/comments?post=382884"}],"version-history":[{"count":1,"href":"http:\/\/www.noticiasdelparana.com.ar\/NuevaEdicion\/wp-json\/wp\/v2\/posts\/382884\/revisions"}],"predecessor-version":[{"id":382889,"href":"http:\/\/www.noticiasdelparana.com.ar\/NuevaEdicion\/wp-json\/wp\/v2\/posts\/382884\/revisions\/382889"}],"wp:featuredmedia":[{"embeddable":true,"href":"http:\/\/www.noticiasdelparana.com.ar\/NuevaEdicion\/wp-json\/wp\/v2\/media\/382887"}],"wp:attachment":[{"href":"http:\/\/www.noticiasdelparana.com.ar\/NuevaEdicion\/wp-json\/wp\/v2\/media?parent=382884"}],"wp:term":[{"taxonomy":"category","embeddable":true,"href":"http:\/\/www.noticiasdelparana.com.ar\/NuevaEdicion\/wp-json\/wp\/v2\/categories?post=382884"},{"taxonomy":"post_tag","embeddable":true,"href":"http:\/\/www.noticiasdelparana.com.ar\/NuevaEdicion\/wp-json\/wp\/v2\/tags?post=382884"}],"curies":[{"name":"wp","href":"https:\/\/api.w.org\/{rel}","templated":true}]}}