{"id":382890,"date":"2026-09-04T17:39:42","date_gmt":"2026-09-04T20:39:42","guid":{"rendered":"http:\/\/www.noticiasdelparana.com.ar\/NuevaEdicion\/?p=382890"},"modified":"2026-09-04T17:39:45","modified_gmt":"2026-09-04T20:39:45","slug":"chaco-nuevo-edificio-de-la-eep-n-105-en-saenz-pena-que-celebro-100-anos-de-historia","status":"publish","type":"post","link":"http:\/\/www.noticiasdelparana.com.ar\/NuevaEdicion\/2026\/09\/04\/chaco-nuevo-edificio-de-la-eep-n-105-en-saenz-pena-que-celebro-100-anos-de-historia\/","title":{"rendered":"CHACO:  Nuevo Edificio De La EEP N\u00b0 105 En S\u00e1enz Pe\u00f1a, Que Celebr\u00f3 100 A\u00f1os De Historia"},"content":{"rendered":"\n<p>Este viernes, el gobernador Leandro Zdero encabez\u00f3 el acto por el 100\u00b0 aniversario de la Escuela de Educaci\u00f3n Primaria N\u00b0 105 \u201cPadre Mario Luis Migone\u201d, ubicada en Colonia Bajo Hondo Chico, a 18 kil\u00f3metros de la ciudad de S\u00e1enz Pe\u00f1a, donde adem\u00e1s inaugur\u00f3 el nuevo edificio escolar y recorri\u00f3 las instalaciones junto a la comunidad educativa. La obra representa una respuesta concreta a la demanda educativa de la zona y permite a estudiantes y docentes contar con espacios modernos, funcionales y equipados para el desarrollo de las actividades escolares.<\/p>\n\n\n\n<p>La infraestructura de la EEP N\u00b0 105 contempla aulas, un aula taller, sector de cocina y fog\u00f3n y n\u00facleo sanitario, adem\u00e1s de las instalaciones destinadas al Anexo Jard\u00edn de Infantes.<\/p>\n\n\n\n<p>Durante el acto se realiz\u00f3 el corte de cintas, el ingreso de las Banderas de Ceremonias, la entonaci\u00f3n del Himno Nacional Argentino y la canci\u00f3n oficial del Chaco \u201cT\u00fa Vencer\u00e1s\u201d. Tambi\u00e9n se descubri\u00f3 una placa conmemorativa, se realiz\u00f3 una bendici\u00f3n y se concret\u00f3 un minuto de silencio en memoria de quienes formaron parte de la historia de la instituci\u00f3n.<\/p>\n\n\n\n<p>La ceremonia cont\u00f3 con la presencia de el intendente de Presidencia Roque S\u00e1enz Pe\u00f1a, Bruno Cipolini; la subsecretaria en Infraestructura, Rosana Cerrutti; funcionarios provinciales, autoridades educativas, el diputado provincial Edgardo Reguera; docentes, exdocentes, exalumnos, estudiantes y familias de la comunidad.<\/p>\n\n\n\n<p>CIEN A\u00d1OS FORMANDO GENERACIONES<\/p>\n\n\n\n<p>La EEP N\u00b0 105 fue creada el 11 de agosto de 1926, por resoluci\u00f3n del entonces Consejo Nacional de Educaci\u00f3n, y fue inaugurada el 18 de agosto de ese mismo a\u00f1o. Desde sus comienzos funciona en Colonia Bajo Hondo Chico, en el terreno donado por Liborio Nardelli. El 4 de noviembre de 1983 recibi\u00f3 oficialmente el nombre de \u201cPadre Mario Luis Migone\u201d. En 2008 se habilit\u00f3 el Anexo Jard\u00edn de Infantes, que comenz\u00f3 sus actividades en marzo de 2009. Entre las p\u00e1ginas m\u00e1s significativas de su historia se encuentra el paso por sus aulas del soldado Juan Quintana, quien falleci\u00f3 en combate durante la Guerra de Malvinas y es recordado por la comunidad como un h\u00e9roe de la zona y defensor de la Patria.<\/p>\n\n\n\n<p>Durante la celebraci\u00f3n, exalumnos, exdocentes y autoridades compartieron recuerdos y homenajes a quienes hicieron posible que la instituci\u00f3n llegara a su primer siglo de vida. La jornada tambi\u00e9n cont\u00f3 con poes\u00edas y presentaciones de danzas a cargo de la comunidad educativa.<\/p>\n\n\n\n<p>\u201dLA EDUCACI\u00d3N ES UNA PRIORIDAD Y LA INFRAESTRUCTURA TAMBI\u00c9N\u201d<\/p>\n\n\n\n<p>El gobernador Leandro Zdero destac\u00f3 la importancia de acompa\u00f1ar con hechos concretos a las comunidades educativas, especialmente en las zonas rurales.<\/p>\n\n\n\n<p>\u201cHoy no solamente estamos celebrando 100 a\u00f1os de una escuela; estamos celebrando 100 a\u00f1os de historias, de familias, de docentes y de generaciones de chaque\u00f1os que pasaron por estas aulas. Y lo hacemos entregando una escuela nueva, porque honrar la historia tambi\u00e9n significa construir el futuro\u201d.<\/p>\n\n\n\n<p>En este sentido, Zdero remarc\u00f3 que la educaci\u00f3n constituye una de las prioridades de su gesti\u00f3n y sostuvo que mejorar las condiciones donde aprenden los chicos tambi\u00e9n es una manera de defender la educaci\u00f3n p\u00fablica. \u201cCada peso que invertimos en una escuela es una inversi\u00f3n en nuestros chicos y en el futuro de nuestra provincia. Queremos que los alumnos tengan aulas dignas, espacios adecuados y las condiciones necesarias para aprender, crecer y desarrollarse\u201d.<\/p>\n\n\n\n<p>El mandatario provincial tambi\u00e9n puso en alto el car\u00e1cter rural de la instituci\u00f3n y la necesidad de garantizar igualdad de oportunidades en todo el territorio. \u201cNo importa si una escuela est\u00e1 en el centro de una ciudad o a 18 kil\u00f3metros de S\u00e1enz Pe\u00f1a. Para nosotros tiene el mismo valor. La presencia del Estado tiene que llegar a cada rinc\u00f3n del Chaco y eso se demuestra con obras concretas\u201d.<\/p>\n\n\n\n<p>Finalmente, Zdero felicit\u00f3 a toda la comunidad educativa por el centenario y destac\u00f3 el rol de la escuela como espacio de encuentro y construcci\u00f3n de ciudadan\u00eda. \u201cEsta escuela cumple 100 a\u00f1os porque hubo generaciones que la sostuvieron, docentes que dejaron su vida ense\u00f1ando y familias que entendieron que la educaci\u00f3n abre caminos. Nosotros tenemos la responsabilidad de cuidar ese legado y darle las herramientas para los pr\u00f3ximos 100 a\u00f1os\u201d.<\/p>\n\n\n\n<p>La jornada concluy\u00f3 con una celebraci\u00f3n art\u00edstica protagonizada por estudiantes de la instituci\u00f3n, que incluy\u00f3 poes\u00edas y danzas, como cierre de una jornada que uni\u00f3 historia, educaci\u00f3n y una nueva etapa de crecimiento para la comunidad de Colonia Bajo Hondo Chico.<\/p>\n","protected":false},"excerpt":{"rendered":"<p>04-Sept-26 La instituci\u00f3n educativa de Colonia Bajo Hondo Chico cuenta con nuevas instalaciones. El Gobernador destac\u00f3 el valor de la educaci\u00f3n y el compromiso de seguir mejorando la infraestructura escolar en todo el Chaco.<\/p>\n","protected":false},"author":4,"featured_media":382888,"comment_status":"closed","ping_status":"closed","sticky":false,"template":"","format":"standard","meta":[],"categories":[98],"tags":[],"_links":{"self":[{"href":"http:\/\/www.noticiasdelparana.com.ar\/NuevaEdicion\/wp-json\/wp\/v2\/posts\/382890"}],"collection":[{"href":"http:\/\/www.noticiasdelparana.com.ar\/NuevaEdicion\/wp-json\/wp\/v2\/posts"}],"about":[{"href":"http:\/\/www.noticiasdelparana.com.ar\/NuevaEdicion\/wp-json\/wp\/v2\/types\/post"}],"author":[{"embeddable":true,"href":"http:\/\/www.noticiasdelparana.com.ar\/NuevaEdicion\/wp-json\/wp\/v2\/users\/4"}],"replies":[{"embeddable":true,"href":"http:\/\/www.noticiasdelparana.com.ar\/NuevaEdicion\/wp-json\/wp\/v2\/comments?post=382890"}],"version-history":[{"count":1,"href":"http:\/\/www.noticiasdelparana.com.ar\/NuevaEdicion\/wp-json\/wp\/v2\/posts\/382890\/revisions"}],"predecessor-version":[{"id":382891,"href":"http:\/\/www.noticiasdelparana.com.ar\/NuevaEdicion\/wp-json\/wp\/v2\/posts\/382890\/revisions\/382891"}],"wp:featuredmedia":[{"embeddable":true,"href":"http:\/\/www.noticiasdelparana.com.ar\/NuevaEdicion\/wp-json\/wp\/v2\/media\/382888"}],"wp:attachment":[{"href":"http:\/\/www.noticiasdelparana.com.ar\/NuevaEdicion\/wp-json\/wp\/v2\/media?parent=382890"}],"wp:term":[{"taxonomy":"category","embeddable":true,"href":"http:\/\/www.noticiasdelparana.com.ar\/NuevaEdicion\/wp-json\/wp\/v2\/categories?post=382890"},{"taxonomy":"post_tag","embeddable":true,"href":"http:\/\/www.noticiasdelparana.com.ar\/NuevaEdicion\/wp-json\/wp\/v2\/tags?post=382890"}],"curies":[{"name":"wp","href":"https:\/\/api.w.org\/{rel}","templated":true}]}}