{"id":382892,"date":"2026-09-04T17:42:18","date_gmt":"2026-09-04T20:42:18","guid":{"rendered":"http:\/\/www.noticiasdelparana.com.ar\/NuevaEdicion\/?p=382892"},"modified":"2026-09-04T17:42:22","modified_gmt":"2026-09-04T20:42:22","slug":"resistencia-secuestraron-una-camioneta-con-pedido-de-secuestro-por-una-causa-de-robo","status":"publish","type":"post","link":"http:\/\/www.noticiasdelparana.com.ar\/NuevaEdicion\/2026\/09\/04\/resistencia-secuestraron-una-camioneta-con-pedido-de-secuestro-por-una-causa-de-robo\/","title":{"rendered":"RESISTENCIA: Secuestraron Una Camioneta Con Pedido De Secuestro Por Una Causa De Robo"},"content":{"rendered":"\n<p>Los agentes verificaron una Dodge Journey y constataron que era requerido a ra\u00edz de una denuncia radicada en la provincia de Corrientes. Seg\u00fan la investigaci\u00f3n, el veh\u00edculo hab\u00eda sido vendido mediante una operaci\u00f3n que posteriormente present\u00f3 irregularidades vinculadas con los medios de pago utilizados.<\/p>\n\n\n\n<p>Por disposici\u00f3n de la Fiscal\u00eda en turno, el rodado fue formalmente secuestrado y su conductor, de 36 a\u00f1os, fue trasladado para ser notificado de su situaci\u00f3n legal.<\/p>\n\n\n\n<p>La camioneta qued\u00f3 a disposici\u00f3n de la autoridad judicial interviniente, mientras contin\u00faan las actuaciones para esclarecer el hecho.<\/p>\n","protected":false},"excerpt":{"rendered":"<p>04-Sep-26 Este viernes, efectivos de la Comisar\u00eda Octava Metropolitana realiz\u00f3 un control preventivo en avenida Rissione, donde detecton una camioneta que registraba un impedimento por presunto robo.<\/p>\n","protected":false},"author":3,"featured_media":382893,"comment_status":"closed","ping_status":"closed","sticky":false,"template":"","format":"standard","meta":[],"categories":[103],"tags":[],"_links":{"self":[{"href":"http:\/\/www.noticiasdelparana.com.ar\/NuevaEdicion\/wp-json\/wp\/v2\/posts\/382892"}],"collection":[{"href":"http:\/\/www.noticiasdelparana.com.ar\/NuevaEdicion\/wp-json\/wp\/v2\/posts"}],"about":[{"href":"http:\/\/www.noticiasdelparana.com.ar\/NuevaEdicion\/wp-json\/wp\/v2\/types\/post"}],"author":[{"embeddable":true,"href":"http:\/\/www.noticiasdelparana.com.ar\/NuevaEdicion\/wp-json\/wp\/v2\/users\/3"}],"replies":[{"embeddable":true,"href":"http:\/\/www.noticiasdelparana.com.ar\/NuevaEdicion\/wp-json\/wp\/v2\/comments?post=382892"}],"version-history":[{"count":1,"href":"http:\/\/www.noticiasdelparana.com.ar\/NuevaEdicion\/wp-json\/wp\/v2\/posts\/382892\/revisions"}],"predecessor-version":[{"id":382894,"href":"http:\/\/www.noticiasdelparana.com.ar\/NuevaEdicion\/wp-json\/wp\/v2\/posts\/382892\/revisions\/382894"}],"wp:featuredmedia":[{"embeddable":true,"href":"http:\/\/www.noticiasdelparana.com.ar\/NuevaEdicion\/wp-json\/wp\/v2\/media\/382893"}],"wp:attachment":[{"href":"http:\/\/www.noticiasdelparana.com.ar\/NuevaEdicion\/wp-json\/wp\/v2\/media?parent=382892"}],"wp:term":[{"taxonomy":"category","embeddable":true,"href":"http:\/\/www.noticiasdelparana.com.ar\/NuevaEdicion\/wp-json\/wp\/v2\/categories?post=382892"},{"taxonomy":"post_tag","embeddable":true,"href":"http:\/\/www.noticiasdelparana.com.ar\/NuevaEdicion\/wp-json\/wp\/v2\/tags?post=382892"}],"curies":[{"name":"wp","href":"https:\/\/api.w.org\/{rel}","templated":true}]}}