{"id":382895,"date":"2026-09-04T17:47:52","date_gmt":"2026-09-04T20:47:52","guid":{"rendered":"http:\/\/www.noticiasdelparana.com.ar\/NuevaEdicion\/?p=382895"},"modified":"2026-09-04T17:47:59","modified_gmt":"2026-09-04T20:47:59","slug":"barranqueras-magda-ayala-encabezo-la-entrega-de-indumentaria-a-trabajadores-municipales","status":"publish","type":"post","link":"http:\/\/www.noticiasdelparana.com.ar\/NuevaEdicion\/2026\/09\/04\/barranqueras-magda-ayala-encabezo-la-entrega-de-indumentaria-a-trabajadores-municipales\/","title":{"rendered":"BARRANQUERAS: Magda Ayala Encabez\u00f3 La Entrega De Indumentaria A Trabajadores Municipales"},"content":{"rendered":"\n<p>Durante el acto de entrega, realizado este viernes en el C.C. La Flota, la jefa comunal estuvo acompa\u00f1ada de la secretaria de obras p\u00fablicas Vanesa Jarol\u00edn y del secretario de hacienda Juan Zacar\u00edas.<\/p>\n\n\n\n<p>La entrega fue formalizada a los trabajadores que cumplen diariamente una importante tarea en distintos sectores de la ciudad.<\/p>\n\n\n\n<p>&nbsp;&nbsp;\u201cEsta incorporaci\u00f3n permite fortalecer y mejorar las condiciones de trabajo, brindando los elementos necesarios para desarrollar sus funciones de manera segura y eficiente\u201d apunt\u00f3 Ayala.<\/p>\n\n\n\n<p>&nbsp;Al mismo tiempo agreg\u00f3: \u201ccada una de estas entregas se realiza con la inversi\u00f3n de recursos propios del Municipio\u201d.<\/p>\n","protected":false},"excerpt":{"rendered":"<p>04-Sep-26   La intendente Magda Ayala, avanz\u00f3 en una nueva entrega de nueva indumentaria de trabajo al personal del \u00e1rea de  Seguridad y Vigilancia, dependiente de la Secretar\u00eda de Obras P\u00fablicas.<\/p>\n","protected":false},"author":3,"featured_media":382900,"comment_status":"closed","ping_status":"closed","sticky":false,"template":"","format":"standard","meta":[],"categories":[99,108],"tags":[],"_links":{"self":[{"href":"http:\/\/www.noticiasdelparana.com.ar\/NuevaEdicion\/wp-json\/wp\/v2\/posts\/382895"}],"collection":[{"href":"http:\/\/www.noticiasdelparana.com.ar\/NuevaEdicion\/wp-json\/wp\/v2\/posts"}],"about":[{"href":"http:\/\/www.noticiasdelparana.com.ar\/NuevaEdicion\/wp-json\/wp\/v2\/types\/post"}],"author":[{"embeddable":true,"href":"http:\/\/www.noticiasdelparana.com.ar\/NuevaEdicion\/wp-json\/wp\/v2\/users\/3"}],"replies":[{"embeddable":true,"href":"http:\/\/www.noticiasdelparana.com.ar\/NuevaEdicion\/wp-json\/wp\/v2\/comments?post=382895"}],"version-history":[{"count":1,"href":"http:\/\/www.noticiasdelparana.com.ar\/NuevaEdicion\/wp-json\/wp\/v2\/posts\/382895\/revisions"}],"predecessor-version":[{"id":382901,"href":"http:\/\/www.noticiasdelparana.com.ar\/NuevaEdicion\/wp-json\/wp\/v2\/posts\/382895\/revisions\/382901"}],"wp:featuredmedia":[{"embeddable":true,"href":"http:\/\/www.noticiasdelparana.com.ar\/NuevaEdicion\/wp-json\/wp\/v2\/media\/382900"}],"wp:attachment":[{"href":"http:\/\/www.noticiasdelparana.com.ar\/NuevaEdicion\/wp-json\/wp\/v2\/media?parent=382895"}],"wp:term":[{"taxonomy":"category","embeddable":true,"href":"http:\/\/www.noticiasdelparana.com.ar\/NuevaEdicion\/wp-json\/wp\/v2\/categories?post=382895"},{"taxonomy":"post_tag","embeddable":true,"href":"http:\/\/www.noticiasdelparana.com.ar\/NuevaEdicion\/wp-json\/wp\/v2\/tags?post=382895"}],"curies":[{"name":"wp","href":"https:\/\/api.w.org\/{rel}","templated":true}]}}