{"id":382896,"date":"2026-09-04T17:46:37","date_gmt":"2026-09-04T20:46:37","guid":{"rendered":"http:\/\/www.noticiasdelparana.com.ar\/NuevaEdicion\/?p=382896"},"modified":"2026-09-04T17:46:45","modified_gmt":"2026-09-04T20:46:45","slug":"margarita-belen-recuperaron-zapatillas-robadas-y-buscan-al-presunto-autor","status":"publish","type":"post","link":"http:\/\/www.noticiasdelparana.com.ar\/NuevaEdicion\/2026\/09\/04\/margarita-belen-recuperaron-zapatillas-robadas-y-buscan-al-presunto-autor\/","title":{"rendered":"MARGARITA BELEN: Recuperaron Zapatillas Robadas Y Buscan Al Presunto Autor"},"content":{"rendered":"\n<p>Una mujer denunci\u00f3 que hoy por la ma\u00f1ana dej\u00f3 un par de zapatillas en el patio de su vivienda, all\u00ed observ\u00f3 a un hombre del barrio que presuntamente se alejaba del lugar con el calzado.<\/p>\n\n\n\n<p>A partir de las caracter\u00edsticas aportadas y mediante el trabajo conjunto entre efectivos policiales y el sistema de monitoreo municipal, se revisaron c\u00e1maras de seguridad de la zona. Las im\u00e1genes permitieron establecer que un sujeto habr\u00eda ocultado las zapatillas entre los pastizales.<\/p>\n\n\n\n<p>Tras un rastrillaje en el sector, los uniformados recuperaron el calzado para secuestrarlo y llevarlo a la dependencia policial.<\/p>\n\n\n\n<p>Finalmente y conforme lo dispuesto por la Fiscal\u00eda, las zapatillas ser\u00e1n restituidas a su propietaria. Adem\u00e1s, contin\u00faa la b\u00fasqueda del presunto autor en el marco de la causa por \u201cSupuesto Hurto\u201d.<\/p>\n","protected":false},"excerpt":{"rendered":"<p>04-Sep-26 La intervenci\u00f3n fue llevada a cabo este mediodia para poder recuperar el calzado que hab\u00eda sido sustra\u00eddo durante la ma\u00f1ana en el barrio Norte.<\/p>\n","protected":false},"author":3,"featured_media":382897,"comment_status":"closed","ping_status":"closed","sticky":false,"template":"","format":"standard","meta":[],"categories":[103],"tags":[],"_links":{"self":[{"href":"http:\/\/www.noticiasdelparana.com.ar\/NuevaEdicion\/wp-json\/wp\/v2\/posts\/382896"}],"collection":[{"href":"http:\/\/www.noticiasdelparana.com.ar\/NuevaEdicion\/wp-json\/wp\/v2\/posts"}],"about":[{"href":"http:\/\/www.noticiasdelparana.com.ar\/NuevaEdicion\/wp-json\/wp\/v2\/types\/post"}],"author":[{"embeddable":true,"href":"http:\/\/www.noticiasdelparana.com.ar\/NuevaEdicion\/wp-json\/wp\/v2\/users\/3"}],"replies":[{"embeddable":true,"href":"http:\/\/www.noticiasdelparana.com.ar\/NuevaEdicion\/wp-json\/wp\/v2\/comments?post=382896"}],"version-history":[{"count":1,"href":"http:\/\/www.noticiasdelparana.com.ar\/NuevaEdicion\/wp-json\/wp\/v2\/posts\/382896\/revisions"}],"predecessor-version":[{"id":382898,"href":"http:\/\/www.noticiasdelparana.com.ar\/NuevaEdicion\/wp-json\/wp\/v2\/posts\/382896\/revisions\/382898"}],"wp:featuredmedia":[{"embeddable":true,"href":"http:\/\/www.noticiasdelparana.com.ar\/NuevaEdicion\/wp-json\/wp\/v2\/media\/382897"}],"wp:attachment":[{"href":"http:\/\/www.noticiasdelparana.com.ar\/NuevaEdicion\/wp-json\/wp\/v2\/media?parent=382896"}],"wp:term":[{"taxonomy":"category","embeddable":true,"href":"http:\/\/www.noticiasdelparana.com.ar\/NuevaEdicion\/wp-json\/wp\/v2\/categories?post=382896"},{"taxonomy":"post_tag","embeddable":true,"href":"http:\/\/www.noticiasdelparana.com.ar\/NuevaEdicion\/wp-json\/wp\/v2\/tags?post=382896"}],"curies":[{"name":"wp","href":"https:\/\/api.w.org\/{rel}","templated":true}]}}