{"id":382904,"date":"2026-09-04T17:54:00","date_gmt":"2026-09-04T20:54:00","guid":{"rendered":"http:\/\/www.noticiasdelparana.com.ar\/NuevaEdicion\/?p=382904"},"modified":"2026-09-04T17:54:11","modified_gmt":"2026-09-04T20:54:11","slug":"chaco-recuperaron-una-motocicleta-robada-y-demoraron-a-un-joven","status":"publish","type":"post","link":"http:\/\/www.noticiasdelparana.com.ar\/NuevaEdicion\/2026\/09\/04\/chaco-recuperaron-una-motocicleta-robada-y-demoraron-a-un-joven\/","title":{"rendered":"CHACO: Recuperaron Una Motocicleta Robada Y Demoraron A Un Joven"},"content":{"rendered":"\n<p>El procedimiento se inici\u00f3 tras una alerta por el robo del rodado. Durante recorridas preventivas, los agentes localizaron una motocicleta con caracter\u00edsticas similares y, al intentar identificar al conductor, este emprendi\u00f3 la fuga hasta perder el control y caer en inmediaciones de calle San Salvador.<\/p>\n\n\n\n<p>Tras verificar la numeraci\u00f3n del motor, se confirmar\u00e1 que se trataba del rodado denunciado como sustra\u00eddo. La motocicleta fue secuestrada y el demorado qued\u00f3 a disposici\u00f3n de la Comisar\u00eda Quinta para las actuaciones correspondientes.<\/p>\n","protected":false},"excerpt":{"rendered":"<p>04-Sep-26 Este viernes, efectivos de la Divisi\u00f3n Patrulla Preventiva recuperaron una motocicleta Corven Energy que hab\u00eda sido sustra\u00edda horas antes y demoraron a un joven de 23 a\u00f1os.<\/p>\n","protected":false},"author":3,"featured_media":382906,"comment_status":"closed","ping_status":"closed","sticky":false,"template":"","format":"standard","meta":[],"categories":[103],"tags":[],"_links":{"self":[{"href":"http:\/\/www.noticiasdelparana.com.ar\/NuevaEdicion\/wp-json\/wp\/v2\/posts\/382904"}],"collection":[{"href":"http:\/\/www.noticiasdelparana.com.ar\/NuevaEdicion\/wp-json\/wp\/v2\/posts"}],"about":[{"href":"http:\/\/www.noticiasdelparana.com.ar\/NuevaEdicion\/wp-json\/wp\/v2\/types\/post"}],"author":[{"embeddable":true,"href":"http:\/\/www.noticiasdelparana.com.ar\/NuevaEdicion\/wp-json\/wp\/v2\/users\/3"}],"replies":[{"embeddable":true,"href":"http:\/\/www.noticiasdelparana.com.ar\/NuevaEdicion\/wp-json\/wp\/v2\/comments?post=382904"}],"version-history":[{"count":1,"href":"http:\/\/www.noticiasdelparana.com.ar\/NuevaEdicion\/wp-json\/wp\/v2\/posts\/382904\/revisions"}],"predecessor-version":[{"id":382907,"href":"http:\/\/www.noticiasdelparana.com.ar\/NuevaEdicion\/wp-json\/wp\/v2\/posts\/382904\/revisions\/382907"}],"wp:featuredmedia":[{"embeddable":true,"href":"http:\/\/www.noticiasdelparana.com.ar\/NuevaEdicion\/wp-json\/wp\/v2\/media\/382906"}],"wp:attachment":[{"href":"http:\/\/www.noticiasdelparana.com.ar\/NuevaEdicion\/wp-json\/wp\/v2\/media?parent=382904"}],"wp:term":[{"taxonomy":"category","embeddable":true,"href":"http:\/\/www.noticiasdelparana.com.ar\/NuevaEdicion\/wp-json\/wp\/v2\/categories?post=382904"},{"taxonomy":"post_tag","embeddable":true,"href":"http:\/\/www.noticiasdelparana.com.ar\/NuevaEdicion\/wp-json\/wp\/v2\/tags?post=382904"}],"curies":[{"name":"wp","href":"https:\/\/api.w.org\/{rel}","templated":true}]}}