{"id":382908,"date":"2026-09-04T17:55:12","date_gmt":"2026-09-04T20:55:12","guid":{"rendered":"http:\/\/www.noticiasdelparana.com.ar\/NuevaEdicion\/?p=382908"},"modified":"2026-09-04T17:55:20","modified_gmt":"2026-09-04T20:55:20","slug":"chaco-demoraron-a-dos-personas-y-recuperaron-pertenencias-sustraidas-de-un-vehiculo","status":"publish","type":"post","link":"http:\/\/www.noticiasdelparana.com.ar\/NuevaEdicion\/2026\/09\/04\/chaco-demoraron-a-dos-personas-y-recuperaron-pertenencias-sustraidas-de-un-vehiculo\/","title":{"rendered":"CHACO: Demoraron A Dos Personas Y Recuperaron Pertenencias Sustra\u00eddas De Un Veh\u00edculo"},"content":{"rendered":"\n<p>El procedimiento se concret\u00f3 tras el an\u00e1lisis de im\u00e1genes de c\u00e1maras de seguridad y averiguaciones realizadas con vecinos de la zona. Como resultado, los agentes localizaron a una mujer de 28 a\u00f1os y un hombre de 37, en cuyo poder encontraron las pertenencias denunciadas como sustra\u00eddas.<\/p>\n\n\n\n<p>Los elementos fueron secuestrados y, junto a los conducidos, trasladados a la dependencia policial correspondiente para continuar con las actuaciones judiciales.<\/p>\n","protected":false},"excerpt":{"rendered":"<p>04-Sep-26 Este viernes, efectivos de la Divisi\u00f3n Patrulla Preventiva y Divisi\u00f3n Caminantes demoraron a dos personas y recuperaron tarjetas bancarias y documentaci\u00f3n que hab\u00edan sido sustra\u00eddas del interior de un veh\u00edculo.<\/p>\n","protected":false},"author":3,"featured_media":382909,"comment_status":"closed","ping_status":"closed","sticky":false,"template":"","format":"standard","meta":[],"categories":[103],"tags":[],"_links":{"self":[{"href":"http:\/\/www.noticiasdelparana.com.ar\/NuevaEdicion\/wp-json\/wp\/v2\/posts\/382908"}],"collection":[{"href":"http:\/\/www.noticiasdelparana.com.ar\/NuevaEdicion\/wp-json\/wp\/v2\/posts"}],"about":[{"href":"http:\/\/www.noticiasdelparana.com.ar\/NuevaEdicion\/wp-json\/wp\/v2\/types\/post"}],"author":[{"embeddable":true,"href":"http:\/\/www.noticiasdelparana.com.ar\/NuevaEdicion\/wp-json\/wp\/v2\/users\/3"}],"replies":[{"embeddable":true,"href":"http:\/\/www.noticiasdelparana.com.ar\/NuevaEdicion\/wp-json\/wp\/v2\/comments?post=382908"}],"version-history":[{"count":1,"href":"http:\/\/www.noticiasdelparana.com.ar\/NuevaEdicion\/wp-json\/wp\/v2\/posts\/382908\/revisions"}],"predecessor-version":[{"id":382910,"href":"http:\/\/www.noticiasdelparana.com.ar\/NuevaEdicion\/wp-json\/wp\/v2\/posts\/382908\/revisions\/382910"}],"wp:featuredmedia":[{"embeddable":true,"href":"http:\/\/www.noticiasdelparana.com.ar\/NuevaEdicion\/wp-json\/wp\/v2\/media\/382909"}],"wp:attachment":[{"href":"http:\/\/www.noticiasdelparana.com.ar\/NuevaEdicion\/wp-json\/wp\/v2\/media?parent=382908"}],"wp:term":[{"taxonomy":"category","embeddable":true,"href":"http:\/\/www.noticiasdelparana.com.ar\/NuevaEdicion\/wp-json\/wp\/v2\/categories?post=382908"},{"taxonomy":"post_tag","embeddable":true,"href":"http:\/\/www.noticiasdelparana.com.ar\/NuevaEdicion\/wp-json\/wp\/v2\/tags?post=382908"}],"curies":[{"name":"wp","href":"https:\/\/api.w.org\/{rel}","templated":true}]}}