{"id":382911,"date":"2026-09-04T17:56:59","date_gmt":"2026-09-04T20:56:59","guid":{"rendered":"http:\/\/www.noticiasdelparana.com.ar\/NuevaEdicion\/?p=382911"},"modified":"2026-09-04T17:57:10","modified_gmt":"2026-09-04T20:57:10","slug":"chaco-recuperaron-una-motocicleta-con-pedido-de-secuestro","status":"publish","type":"post","link":"http:\/\/www.noticiasdelparana.com.ar\/NuevaEdicion\/2026\/09\/04\/chaco-recuperaron-una-motocicleta-con-pedido-de-secuestro\/","title":{"rendered":"CHACO: Recuperaron Una Motocicleta Con Pedido De Secuestro"},"content":{"rendered":"\n<p>El procedimiento se inici\u00f3 a partir de la alerta emitida por el sistema de videovigilancia, que permiti\u00f3 detectar el rodado en la intersecci\u00f3n de la avenida Juan Domingo Per\u00f3n y Necochea.<\/p>\n\n\n\n<p>Tras verificar sus datos en el sistema policial, los agentes confirmaron que el pedido se encontraba vigente desde el a\u00f1o 2017, a solicitud de la Comisar\u00eda Sexta Metropolitana.<\/p>\n\n\n\n<p>La motocicleta fue formalmente secuestrada y trasladada a dicha dependencia para continuar con las actuaciones correspondientes.<\/p>\n","protected":false},"excerpt":{"rendered":"<p>04-Sep-26 Este viernes, efectivos de la Divisi\u00f3n Caminantes recuperaron una motocicleta Yamaha XTZ de 125 cilindradas que registr\u00f3 un pedido activo de secuestro por una causa de hurto.<\/p>\n","protected":false},"author":3,"featured_media":382914,"comment_status":"closed","ping_status":"closed","sticky":false,"template":"","format":"standard","meta":[],"categories":[103],"tags":[],"_links":{"self":[{"href":"http:\/\/www.noticiasdelparana.com.ar\/NuevaEdicion\/wp-json\/wp\/v2\/posts\/382911"}],"collection":[{"href":"http:\/\/www.noticiasdelparana.com.ar\/NuevaEdicion\/wp-json\/wp\/v2\/posts"}],"about":[{"href":"http:\/\/www.noticiasdelparana.com.ar\/NuevaEdicion\/wp-json\/wp\/v2\/types\/post"}],"author":[{"embeddable":true,"href":"http:\/\/www.noticiasdelparana.com.ar\/NuevaEdicion\/wp-json\/wp\/v2\/users\/3"}],"replies":[{"embeddable":true,"href":"http:\/\/www.noticiasdelparana.com.ar\/NuevaEdicion\/wp-json\/wp\/v2\/comments?post=382911"}],"version-history":[{"count":1,"href":"http:\/\/www.noticiasdelparana.com.ar\/NuevaEdicion\/wp-json\/wp\/v2\/posts\/382911\/revisions"}],"predecessor-version":[{"id":382915,"href":"http:\/\/www.noticiasdelparana.com.ar\/NuevaEdicion\/wp-json\/wp\/v2\/posts\/382911\/revisions\/382915"}],"wp:featuredmedia":[{"embeddable":true,"href":"http:\/\/www.noticiasdelparana.com.ar\/NuevaEdicion\/wp-json\/wp\/v2\/media\/382914"}],"wp:attachment":[{"href":"http:\/\/www.noticiasdelparana.com.ar\/NuevaEdicion\/wp-json\/wp\/v2\/media?parent=382911"}],"wp:term":[{"taxonomy":"category","embeddable":true,"href":"http:\/\/www.noticiasdelparana.com.ar\/NuevaEdicion\/wp-json\/wp\/v2\/categories?post=382911"},{"taxonomy":"post_tag","embeddable":true,"href":"http:\/\/www.noticiasdelparana.com.ar\/NuevaEdicion\/wp-json\/wp\/v2\/tags?post=382911"}],"curies":[{"name":"wp","href":"https:\/\/api.w.org\/{rel}","templated":true}]}}