{"id":382916,"date":"2026-09-04T19:16:04","date_gmt":"2026-09-04T22:16:04","guid":{"rendered":"http:\/\/www.noticiasdelparana.com.ar\/NuevaEdicion\/?p=382916"},"modified":"2026-09-04T19:16:07","modified_gmt":"2026-09-04T22:16:07","slug":"chaco-el-gobernador-presento-en-saenz-pena-el-programa-futuro-para-premiar-el-merito-estudiantil","status":"publish","type":"post","link":"http:\/\/www.noticiasdelparana.com.ar\/NuevaEdicion\/2026\/09\/04\/chaco-el-gobernador-presento-en-saenz-pena-el-programa-futuro-para-premiar-el-merito-estudiantil\/","title":{"rendered":"CHACO: El Gobernador Present\u00f3 En S\u00e1enz Pe\u00f1a El Programa +Futuro Para Premiar El M\u00e9rito Estudiantil"},"content":{"rendered":"\n<p>El programa contempla un incentivo econ\u00f3mico y nuevas herramientas de formaci\u00f3n para los j\u00f3venes que cumplan con criterios acad\u00e9micos, de asistencia y participaci\u00f3n, con el objetivo de acompa\u00f1arlos en una etapa clave de sus vidas y brindarles herramientas para continuar sus estudios, insertarse en el mundo laboral y proyectar su futuro. \u201cQueremos decirles que los sue\u00f1os se construyen con esfuerzo. Estamos apoyando al futuro, pero fundamentalmente al presente, para que los chicos tengan una palmada de aliento y sepan que estudiar o no estudiar, no es lo mismo\u201d, expres\u00f3 Zdero, acompa\u00f1ado del subsecretario de Juventud, Everest Jovanovich.&nbsp;<\/p>\n\n\n\n<p>El mandatario explic\u00f3 que la propuesta no se limita al incentivo econ\u00f3mico, sino que busca preparar a los j\u00f3venes para los desaf\u00edos del mundo actual. En este sentido, destac\u00f3 que recibir\u00e1n capacitaci\u00f3n en educaci\u00f3n financiera, inteligencia artificial, empleo y trabajo, adem\u00e1s de herramientas de orientaci\u00f3n vocacional.<\/p>\n\n\n\n<p>\u201cQueremos chaque\u00f1os comprometidos con el Chaco y esta es una generaci\u00f3n maravillosa que no puede perder la oportunidad de elegir su futuro. Y vamos a estar para acompa\u00f1arlos\u201d, afirm\u00f3.<\/p>\n\n\n\n<p>RECONOCER EL ESFUERZO Y ABRIR NUEVAS OPORTUNIDADES<\/p>\n\n\n\n<p>Desde el Gobierno provincial se\u00f1alaron que +Futuro busca que el \u00faltimo a\u00f1o de la secundaria sea mucho m\u00e1s que el cierre de una etapa: pretende convertirse en una oportunidad para reconocer el esfuerzo, fortalecer capacidades y acompa\u00f1ar a los estudiantes en la construcci\u00f3n de un proyecto personal y profesional. \u201cNos dec\u00edan que daba lo mismo ir o no a la escuela y los conduc\u00edan al fracaso. En este mundo nuevo hay que estar preparado, con educaci\u00f3n financiera, eligiendo lo que uno quiere ser. Por eso vamos a brindar una fuerte orientaci\u00f3n vocacional para que los chicos conozcan todas las carreras del futuro\u201d, sostuvo el gobernador.<\/p>\n\n\n\n<p>El programa prev\u00e9 instancias de participaci\u00f3n presenciales y virtuales, cuyo cumplimiento formar\u00e1 parte de los requisitos para acceder al beneficio.&nbsp;<\/p>\n\n\n\n<p>En este marco, el ministro de Desarrollo Humano, Diego Guti\u00e9rrez, destac\u00f3 que se trata de una pol\u00edtica orientada a estimular a los j\u00f3venes a proyectarse y asumir nuevos desaf\u00edos. \u201cEs una apuesta del Gobierno con la que queremos que los j\u00f3venes se animen a so\u00f1ar y a emprender lo que quieren ser. Ellos tienen que saber que se enfrentar\u00e1n a un mundo muy competitivo\u201d, expres\u00f3.<\/p>\n\n\n\n<p>Por su parte, el intendente de Presidencia Roque S\u00e1enz Pe\u00f1a, Bruno Cipolini, valor\u00f3 el alcance de la iniciativa y consider\u00f3 que representa un cambio de paradigma en materia educativa. \u201cEs muy importante que como gobierno local podamos acompa\u00f1ar. No todos los puntos de partida son iguales, por eso es importante que desde los distintos niveles del Estado pueda instarse al esfuerzo, a las prioridades y a la oportunidad, con este peque\u00f1o empuj\u00f3n, con la presencia del Estado\u201d, sostuvo.<\/p>\n\n\n\n<p>QUI\u00c9NES PUEDEN ACCEDER<\/p>\n\n\n\n<p>\u201cM\u00e1s Futuro\u201d est\u00e1 destinado a estudiantes que cursen el \u00faltimo a\u00f1o del nivel secundario, sean residentes de la provincia del Chaco y acrediten su condici\u00f3n de alumno regular sin adeudar materias previas.<\/p>\n\n\n\n<p>La selecci\u00f3n tendr\u00e1 en cuenta criterios vinculados con promedio y asistencia, que permitir\u00e1n establecer un orden de m\u00e9rito. La informaci\u00f3n deber\u00e1 ser certificada y avalada por el director\/a de cada establecimiento educativo.<\/p>\n\n\n\n<p>En el caso de estudiantes menores de edad, ser\u00e1 necesaria la presencia de un apoderado o representante legal, conforme a los requisitos bancarios para la instrumentaci\u00f3n del beneficio.<\/p>\n\n\n\n<p>Entre los criterios de exclusi\u00f3n se contempla, entre otros aspectos, residir fuera de la provincia, ser agente de planta permanente o contratado del Estado nacional, provincial o municipal, percibir determinadas transferencias directas de programas sociales o superar los l\u00edmites de ingresos familiares establecidos por el programa.<\/p>\n\n\n\n<p>INSCRIPCIONES DEL 1 AL 28 DE SEPTIEMBRE<\/p>\n\n\n\n<p>La inscripci\u00f3n est\u00e1 habilitada del 1 al 28 de septiembre a trav\u00e9s de la plataforma DATA \u00d1ACHEC. Los postulantes deber\u00e1n presentar DNI frente y dorso, certificado de domicilio expedido por la Polic\u00eda del Chaco, constancia de CUIL-cuando no figure en el DNI- y constancia de estudios m\u00e1ximos alcanzados. Toda la documentaci\u00f3n tendr\u00e1 car\u00e1cter de declaraci\u00f3n jurada y deber\u00e1 contar con el visto bueno y aval de la instituci\u00f3n educativa correspondiente.<\/p>\n\n\n\n<p>Posteriormente se realizar\u00e1 el procesamiento y validaci\u00f3n de los datos. Entre el 18 de septiembre y el 2 de octubre se consolidar\u00e1 la informaci\u00f3n, mientras que desde el 28 de septiembre los postulantes comenzar\u00e1n a recibir la notificaci\u00f3n sobre el procesamiento de su inscripci\u00f3n.<\/p>\n\n\n\n<p>Entre el 3 y el 9 de octubre se transferir\u00e1n los datos validados al Nuevo Banco del Chaco y entre el 10 y el 11 de octubre se formalizar\u00e1 la resoluci\u00f3n administrativa.<\/p>\n\n\n\n<p>El pago a los postulantes que resulten validados est\u00e1 previsto entre el 15 y el 20 de octubre.<\/p>\n\n\n\n<p>El Gobierno provincial busca reconocer el esfuerzo, fortalecer la permanencia educativa y brindar a los j\u00f3venes herramientas concretas para que puedan elegir y construir su propio futuro.<\/p>\n","protected":false},"excerpt":{"rendered":"<p>04-Sep-26 La iniciativa est\u00e1 destinada a estudiantes que cursan el \u00faltimo a\u00f1o de secundaria y combina un incentivo econ\u00f3mico con capacitaci\u00f3n en educaci\u00f3n financiera, inteligencia artificial, empleo y orientaci\u00f3n vocacional. La inscripci\u00f3n ya comenz\u00f3, desde el 1 al 28 de septiembre.<\/p>\n","protected":false},"author":4,"featured_media":382917,"comment_status":"closed","ping_status":"closed","sticky":false,"template":"","format":"standard","meta":[],"categories":[98],"tags":[],"_links":{"self":[{"href":"http:\/\/www.noticiasdelparana.com.ar\/NuevaEdicion\/wp-json\/wp\/v2\/posts\/382916"}],"collection":[{"href":"http:\/\/www.noticiasdelparana.com.ar\/NuevaEdicion\/wp-json\/wp\/v2\/posts"}],"about":[{"href":"http:\/\/www.noticiasdelparana.com.ar\/NuevaEdicion\/wp-json\/wp\/v2\/types\/post"}],"author":[{"embeddable":true,"href":"http:\/\/www.noticiasdelparana.com.ar\/NuevaEdicion\/wp-json\/wp\/v2\/users\/4"}],"replies":[{"embeddable":true,"href":"http:\/\/www.noticiasdelparana.com.ar\/NuevaEdicion\/wp-json\/wp\/v2\/comments?post=382916"}],"version-history":[{"count":1,"href":"http:\/\/www.noticiasdelparana.com.ar\/NuevaEdicion\/wp-json\/wp\/v2\/posts\/382916\/revisions"}],"predecessor-version":[{"id":382918,"href":"http:\/\/www.noticiasdelparana.com.ar\/NuevaEdicion\/wp-json\/wp\/v2\/posts\/382916\/revisions\/382918"}],"wp:featuredmedia":[{"embeddable":true,"href":"http:\/\/www.noticiasdelparana.com.ar\/NuevaEdicion\/wp-json\/wp\/v2\/media\/382917"}],"wp:attachment":[{"href":"http:\/\/www.noticiasdelparana.com.ar\/NuevaEdicion\/wp-json\/wp\/v2\/media?parent=382916"}],"wp:term":[{"taxonomy":"category","embeddable":true,"href":"http:\/\/www.noticiasdelparana.com.ar\/NuevaEdicion\/wp-json\/wp\/v2\/categories?post=382916"},{"taxonomy":"post_tag","embeddable":true,"href":"http:\/\/www.noticiasdelparana.com.ar\/NuevaEdicion\/wp-json\/wp\/v2\/tags?post=382916"}],"curies":[{"name":"wp","href":"https:\/\/api.w.org\/{rel}","templated":true}]}}