{"id":382919,"date":"2026-09-04T19:25:07","date_gmt":"2026-09-04T22:25:07","guid":{"rendered":"http:\/\/www.noticiasdelparana.com.ar\/NuevaEdicion\/?p=382919"},"modified":"2026-09-04T19:25:13","modified_gmt":"2026-09-04T22:25:13","slug":"chaco-detuvieron-a-un-hombre-por-un-robo-en-resistencia-y-lo-atraparon-en-corrientes","status":"publish","type":"post","link":"http:\/\/www.noticiasdelparana.com.ar\/NuevaEdicion\/2026\/09\/04\/chaco-detuvieron-a-un-hombre-por-un-robo-en-resistencia-y-lo-atraparon-en-corrientes\/","title":{"rendered":"CHACO: Detuvieron A Un Hombre Por Un Robo En Resistencia Y Lo Atraparon En Corrientes"},"content":{"rendered":"\n<p>Personal de la Divisi\u00f3n Delitos Contra la Propiedad concret\u00f3 este viernes un allanamiento en la ciudad de Corrientes, en el marco de una investigaci\u00f3n por un hecho il\u00edcito ocurrido el pasado 24 de agosto en Resistencia. El procedimiento permiti\u00f3 detener al principal investigado y secuestrar elementos de inter\u00e9s para la causa.<\/p>\n\n\n\n<p>La investigaci\u00f3n se inici\u00f3 luego de la denuncia de un hombre de 82 a\u00f1os, quien manifest\u00f3 que un sujeto ingres\u00f3 a su domicilio bajo el pretexto de realizar mediciones de canaletas por una obra lindante. Tras distraerlo, habr\u00eda sustra\u00eddo dinero en efectivo y d\u00f3lares, para luego darse a la fuga a bordo de una motocicleta Honda Biz.<\/p>\n\n\n\n<p>A partir del relevamiento de c\u00e1maras de seguridad y distintas tareas investigativas, los agentes lograron identificar la motocicleta utilizada y establecer que se dirigi\u00f3 hacia la provincia de Corrientes. Con estos elementos, se obtuvo la orden judicial para realizar el allanamiento en el domicilio del investigado.<\/p>\n\n\n\n<p>Durante el procedimiento, realizado con la colaboraci\u00f3n de personal de la Direcci\u00f3n Trata de Personas, B\u00fasqueda y Captura de la Polic\u00eda de Corrientes, se concret\u00f3 la aprehensi\u00f3n del sospechoso de 48 a\u00f1os y se secuestr\u00f3 una motocicleta Honda Biz 125 cc, un casco, un par de zapatillas, $416.100 en efectivo, tres d\u00f3lares estadounidenses y un comprobante de pago por un mill\u00f3n de pesos.<\/p>\n\n\n\n<p>Finalmente, la comisi\u00f3n policial regres\u00f3 a la provincia del Chaco con el detenido y los elementos secuestrados, que quedaron a disposici\u00f3n de la Justicia para continuar con las diligencias correspondientes.<\/p>\n","protected":false},"excerpt":{"rendered":"<p>04-Sep-26 La Divisi\u00f3n Delitos Contra la Propiedad llev\u00f3 adelante una investigaci\u00f3n que permiti\u00f3 identificar al presunto autor. Durante el procedimiento secuestraron una motocicleta, dinero en efectivo, d\u00f3lares y otros elementos vinculados a la causa.<\/p>\n","protected":false},"author":4,"featured_media":382920,"comment_status":"closed","ping_status":"closed","sticky":false,"template":"","format":"standard","meta":[],"categories":[103],"tags":[],"_links":{"self":[{"href":"http:\/\/www.noticiasdelparana.com.ar\/NuevaEdicion\/wp-json\/wp\/v2\/posts\/382919"}],"collection":[{"href":"http:\/\/www.noticiasdelparana.com.ar\/NuevaEdicion\/wp-json\/wp\/v2\/posts"}],"about":[{"href":"http:\/\/www.noticiasdelparana.com.ar\/NuevaEdicion\/wp-json\/wp\/v2\/types\/post"}],"author":[{"embeddable":true,"href":"http:\/\/www.noticiasdelparana.com.ar\/NuevaEdicion\/wp-json\/wp\/v2\/users\/4"}],"replies":[{"embeddable":true,"href":"http:\/\/www.noticiasdelparana.com.ar\/NuevaEdicion\/wp-json\/wp\/v2\/comments?post=382919"}],"version-history":[{"count":1,"href":"http:\/\/www.noticiasdelparana.com.ar\/NuevaEdicion\/wp-json\/wp\/v2\/posts\/382919\/revisions"}],"predecessor-version":[{"id":382921,"href":"http:\/\/www.noticiasdelparana.com.ar\/NuevaEdicion\/wp-json\/wp\/v2\/posts\/382919\/revisions\/382921"}],"wp:featuredmedia":[{"embeddable":true,"href":"http:\/\/www.noticiasdelparana.com.ar\/NuevaEdicion\/wp-json\/wp\/v2\/media\/382920"}],"wp:attachment":[{"href":"http:\/\/www.noticiasdelparana.com.ar\/NuevaEdicion\/wp-json\/wp\/v2\/media?parent=382919"}],"wp:term":[{"taxonomy":"category","embeddable":true,"href":"http:\/\/www.noticiasdelparana.com.ar\/NuevaEdicion\/wp-json\/wp\/v2\/categories?post=382919"},{"taxonomy":"post_tag","embeddable":true,"href":"http:\/\/www.noticiasdelparana.com.ar\/NuevaEdicion\/wp-json\/wp\/v2\/tags?post=382919"}],"curies":[{"name":"wp","href":"https:\/\/api.w.org\/{rel}","templated":true}]}}