{"id":382925,"date":"2026-09-04T19:45:18","date_gmt":"2026-09-04T22:45:18","guid":{"rendered":"http:\/\/www.noticiasdelparana.com.ar\/NuevaEdicion\/?p=382925"},"modified":"2026-09-04T19:45:20","modified_gmt":"2026-09-04T22:45:20","slug":"chaco-el-operativo-res-llego-a-wichi-el-pintado-mas-de-1-000-personas-atendidas-en-dos-jornadas","status":"publish","type":"post","link":"http:\/\/www.noticiasdelparana.com.ar\/NuevaEdicion\/2026\/09\/04\/chaco-el-operativo-res-llego-a-wichi-el-pintado-mas-de-1-000-personas-atendidas-en-dos-jornadas\/","title":{"rendered":"CHACO: El Operativo Res Lleg\u00f3 A Wich\u00ed El Pintado: M\u00e1s De 1.000 Personas Atendidas En Dos Jornadas"},"content":{"rendered":"\n<p>La Secretar\u00eda de Asuntos Estrat\u00e9gicos y el Ministerio de Salud, llevaron adelante hoy un nuevo operativo de la Red Estrat\u00e9gica de Salud (RES) en Wich\u00ed El Pintado, donde durante las jornadas del jueves y viernes se brind\u00f3 atenci\u00f3n sanitaria integral a vecinos de la localidad y de zonas rurales.<\/p>\n\n\n\n<p>La propuesta permiti\u00f3 acercar profesionales y especialistas a la comunidad, facilitando el acceso a consultas y estudios m\u00e9dicos sin necesidad de trasladarse a otros centros urbanos. En total, m\u00e1s de 1.000 personas fueron atendidas en las distintas prestaciones m\u00e9dicas, superando el 50% de la poblaci\u00f3n de la localidad.<\/p>\n\n\n\n<p>El operativo incluy\u00f3 consultas de cl\u00ednica m\u00e9dica, pediatr\u00eda, obstetricia, cardiolog\u00eda y odontolog\u00eda, adem\u00e1s de ecograf\u00edas, vacunaci\u00f3n y acciones de prevenci\u00f3n y promoci\u00f3n de la salud.<\/p>\n\n\n\n<p>\u201dES MUY IMPORTANTE LA PRESENCIA EN TERRITORIO\u201d<\/p>\n\n\n\n<p>El secretario de Asuntos Estrat\u00e9gicos, Marcos Resico, destac\u00f3 el alcance de la iniciativa y explic\u00f3 que el objetivo es garantizar una presencia sanitaria sostenida en las localidades del interior.<\/p>\n\n\n\n<p>\u201cEste trabajo tiene que ver con responsabilidad y salud. El jueves atendimos a m\u00e1s de 400 pacientes y el viernes superamos ese n\u00famero. La verdad es que hay mucha demanda, mucha gente que se acerca porque vienen especialistas para esta regi\u00f3n, y lo importante es darle continuidad y estar en territorio\u201d, se\u00f1al\u00f3.<\/p>\n\n\n\n<p>Resico record\u00f3 que la RES ya estuvo presente en Fuerte Esperanza, Misi\u00f3n Nueva Pompeya y Miraflores, mientras que se proyectan nuevos operativos en El Sauzalito y Comandancia Fr\u00edas.<\/p>\n\n\n\n<p>En este sentido, remarc\u00f3 que los operativos se desarrollan con una planificaci\u00f3n que permita garantizar la periodicidad de las prestaciones, apuntando no solamente a la atenci\u00f3n de consultas sino tambi\u00e9n a la prevenci\u00f3n, el diagn\u00f3stico temprano y el seguimiento de los pacientes.<\/p>\n\n\n\n<p>\u201cEsto de estar presentes, de la atenci\u00f3n temprana de enfermedades, la continuidad de controles m\u00e9dicos, todo lo que tiene que ver con pediatr\u00eda, con las mam\u00e1s, los controles, el sistema vacunatorio que debe estar controlado y seguir, es muy importante. Por eso es fundamental hacerlo de manera articulada con Desarrollo Humano y con Salud\u201d, sostuvo.<\/p>\n\n\n\n<p>TRABAJO ARTICULADO Y ATENCI\u00d3N CON PERTENENCIA CULTURAL<\/p>\n\n\n\n<p>Durante el operativo, Resico estuvo acompa\u00f1ado por los referentes de \u00d1achec, Fernando Vogel y Silvana P\u00e9rez, y destac\u00f3 el trabajo coordinado con el Ministerio de Salud, los referentes de la zona y los agentes sanitarios. \u201cHubo un gran desempe\u00f1o y un gran despliegue de todo el personal para dar un gran servicio\u201d, valor\u00f3.<\/p>\n\n\n\n<p>Adem\u00e1s, destac\u00f3 la articulaci\u00f3n con el Ministerio de Desarrollo Humano para abordar de manera integral a poblaciones prioritarias y personas con discapacidad.<\/p>\n\n\n\n<p>En Wich\u00ed El Pintado tambi\u00e9n se cont\u00f3 con agentes biling\u00fces, una herramienta fundamental para facilitar la comunicaci\u00f3n y garantizar una atenci\u00f3n adecuada a una comunidad con una importante presencia de poblaci\u00f3n originaria.<\/p>\n\n\n\n<p>M\u00c1S DE 1.000 ATENCIONES EN DOS JORNADAS<\/p>\n\n\n\n<p>Por su parte, el coordinador de la Red Estrat\u00e9gica de Salud, Gerardo Delgado, destac\u00f3 el impacto del operativo y explic\u00f3 que la iniciativa busca acercar prestaciones de calidad a las comunidades m\u00e1s alejadas. \u201cEl objetivo es que la gente pueda acceder a atenci\u00f3n m\u00e9dica de calidad y poder as\u00ed resolver aquellas necesidades que tiene en materia sanitaria\u201d, explic\u00f3.<\/p>\n\n\n\n<p>Delgado resalt\u00f3 que durante las dos jornadas se alcanzaron m\u00e1s de 1.000 atenciones entre todas las prestaciones m\u00e9dicas, lo que representa a m\u00e1s del 50% de la poblaci\u00f3n de Wich\u00ed El Pintado, tanto del casco urbano como de la zona rural. \u201cEs muy reconfortante poder llegar con este servicio y atender a una cantidad tan importante de personas\u201d, sostuvo.<\/p>\n\n\n\n<p>Finalmente, adelant\u00f3 que se trabaja en la planificaci\u00f3n de nuevos operativos dentro de aproximadamente 30 d\u00edas, con el objetivo de continuar recorriendo las localidades que a\u00fan no fueron alcanzadas y fortalecer la presencia territorial del sistema sanitario.<\/p>\n\n\n\n<p>La Red Estrat\u00e9gica de Salud continuar\u00e1 ampliando su presencia en el interior provincial, acercando especialistas, controles, estudios, vacunaci\u00f3n y acciones de prevenci\u00f3n para garantizar el acceso a una atenci\u00f3n sanitaria integral a cada chaque\u00f1o.<\/p>\n","protected":false},"excerpt":{"rendered":"<p>04-Sep-26 El operativo sanitario se desarroll\u00f3 durante dos jornadas en El Sauzalito,  con atenci\u00f3n en cl\u00ednica m\u00e9dica, pediatr\u00eda, obstetricia, cardiolog\u00eda, odontolog\u00eda, ecograf\u00edas y vacunaci\u00f3n, entre otras prestaciones. La iniciativa busca garantizar el acceso a la salud y fortalecer la prevenci\u00f3n y el seguimiento de los pacientes en toda la provincia.<\/p>\n","protected":false},"author":4,"featured_media":382926,"comment_status":"closed","ping_status":"closed","sticky":false,"template":"","format":"standard","meta":[],"categories":[98],"tags":[],"_links":{"self":[{"href":"http:\/\/www.noticiasdelparana.com.ar\/NuevaEdicion\/wp-json\/wp\/v2\/posts\/382925"}],"collection":[{"href":"http:\/\/www.noticiasdelparana.com.ar\/NuevaEdicion\/wp-json\/wp\/v2\/posts"}],"about":[{"href":"http:\/\/www.noticiasdelparana.com.ar\/NuevaEdicion\/wp-json\/wp\/v2\/types\/post"}],"author":[{"embeddable":true,"href":"http:\/\/www.noticiasdelparana.com.ar\/NuevaEdicion\/wp-json\/wp\/v2\/users\/4"}],"replies":[{"embeddable":true,"href":"http:\/\/www.noticiasdelparana.com.ar\/NuevaEdicion\/wp-json\/wp\/v2\/comments?post=382925"}],"version-history":[{"count":1,"href":"http:\/\/www.noticiasdelparana.com.ar\/NuevaEdicion\/wp-json\/wp\/v2\/posts\/382925\/revisions"}],"predecessor-version":[{"id":382927,"href":"http:\/\/www.noticiasdelparana.com.ar\/NuevaEdicion\/wp-json\/wp\/v2\/posts\/382925\/revisions\/382927"}],"wp:featuredmedia":[{"embeddable":true,"href":"http:\/\/www.noticiasdelparana.com.ar\/NuevaEdicion\/wp-json\/wp\/v2\/media\/382926"}],"wp:attachment":[{"href":"http:\/\/www.noticiasdelparana.com.ar\/NuevaEdicion\/wp-json\/wp\/v2\/media?parent=382925"}],"wp:term":[{"taxonomy":"category","embeddable":true,"href":"http:\/\/www.noticiasdelparana.com.ar\/NuevaEdicion\/wp-json\/wp\/v2\/categories?post=382925"},{"taxonomy":"post_tag","embeddable":true,"href":"http:\/\/www.noticiasdelparana.com.ar\/NuevaEdicion\/wp-json\/wp\/v2\/tags?post=382925"}],"curies":[{"name":"wp","href":"https:\/\/api.w.org\/{rel}","templated":true}]}}