{"id":382929,"date":"2026-09-05T08:50:01","date_gmt":"2026-09-05T11:50:01","guid":{"rendered":"http:\/\/www.noticiasdelparana.com.ar\/NuevaEdicion\/?p=382929"},"modified":"2026-09-05T08:50:10","modified_gmt":"2026-09-05T11:50:10","slug":"quitilipi-aprehendieron-a-un-hombre-tras-un-desorden-con-armas-en-el-barrio-moreno","status":"publish","type":"post","link":"http:\/\/www.noticiasdelparana.com.ar\/NuevaEdicion\/2026\/09\/05\/quitilipi-aprehendieron-a-un-hombre-tras-un-desorden-con-armas-en-el-barrio-moreno\/","title":{"rendered":"QUITILIPI: Aprehendieron A Un Hombre Tras Un Desorden Con Armas En El Barrio Moreno"},"content":{"rendered":"\n<p>Personal de la Comisar\u00eda de esa localidad intervino este viernes en una causa por supuestas lesiones con arma blanca y supuesto abuso con arma de fuego, a ra\u00edz de un desorden registrado en inmediaciones de las calles Chacabuco y San Silencio, en el barrio Moreno de esa ciudad.<\/p>\n\n\n\n<p>De acuerdo con la informaci\u00f3n, durante el incidente un hombre result\u00f3 lesionado por otro con un arma blanca.<\/p>\n\n\n\n<p>En relaci\u00f3n con el hecho, una mujer de 40 a\u00f1os, radic\u00f3 la correspondiente denuncia. Adem\u00e1s, los efectivos procedieron secuestraron un arma de fabricaci\u00f3n casera.<\/p>\n\n\n\n<p>Tras tareas investigativas demoraron a uno de los sospechosos, un hombre de 29 a\u00f1os, se\u00f1alado por los investigadores como uno de los presuntos autores del hecho.<\/p>\n\n\n\n<p>El hombre fue aprehendido y qued\u00f3 a disposici\u00f3n del Equipo Fiscal N. \u00ba 1, a cargo del Dr. Gustavo Rafael Valero, en car\u00e1cter de subrogante.<\/p>\n","protected":false},"excerpt":{"rendered":"<p> 05-Sep-26  La Polic\u00eda logr\u00f3 detener a uno de los presuntos autores tras tareas investigativas.<\/p>\n","protected":false},"author":3,"featured_media":382930,"comment_status":"closed","ping_status":"closed","sticky":false,"template":"","format":"standard","meta":[],"categories":[103],"tags":[],"_links":{"self":[{"href":"http:\/\/www.noticiasdelparana.com.ar\/NuevaEdicion\/wp-json\/wp\/v2\/posts\/382929"}],"collection":[{"href":"http:\/\/www.noticiasdelparana.com.ar\/NuevaEdicion\/wp-json\/wp\/v2\/posts"}],"about":[{"href":"http:\/\/www.noticiasdelparana.com.ar\/NuevaEdicion\/wp-json\/wp\/v2\/types\/post"}],"author":[{"embeddable":true,"href":"http:\/\/www.noticiasdelparana.com.ar\/NuevaEdicion\/wp-json\/wp\/v2\/users\/3"}],"replies":[{"embeddable":true,"href":"http:\/\/www.noticiasdelparana.com.ar\/NuevaEdicion\/wp-json\/wp\/v2\/comments?post=382929"}],"version-history":[{"count":1,"href":"http:\/\/www.noticiasdelparana.com.ar\/NuevaEdicion\/wp-json\/wp\/v2\/posts\/382929\/revisions"}],"predecessor-version":[{"id":382931,"href":"http:\/\/www.noticiasdelparana.com.ar\/NuevaEdicion\/wp-json\/wp\/v2\/posts\/382929\/revisions\/382931"}],"wp:featuredmedia":[{"embeddable":true,"href":"http:\/\/www.noticiasdelparana.com.ar\/NuevaEdicion\/wp-json\/wp\/v2\/media\/382930"}],"wp:attachment":[{"href":"http:\/\/www.noticiasdelparana.com.ar\/NuevaEdicion\/wp-json\/wp\/v2\/media?parent=382929"}],"wp:term":[{"taxonomy":"category","embeddable":true,"href":"http:\/\/www.noticiasdelparana.com.ar\/NuevaEdicion\/wp-json\/wp\/v2\/categories?post=382929"},{"taxonomy":"post_tag","embeddable":true,"href":"http:\/\/www.noticiasdelparana.com.ar\/NuevaEdicion\/wp-json\/wp\/v2\/tags?post=382929"}],"curies":[{"name":"wp","href":"https:\/\/api.w.org\/{rel}","templated":true}]}}