{"id":382935,"date":"2026-09-05T08:54:11","date_gmt":"2026-09-05T11:54:11","guid":{"rendered":"http:\/\/www.noticiasdelparana.com.ar\/NuevaEdicion\/?p=382935"},"modified":"2026-09-05T08:54:16","modified_gmt":"2026-09-05T11:54:16","slug":"chaco-policias-asistieron-a-un-pasajero-con-discapacidad-para-abordar-un-colectivo-en-la-terminal-de-resistencia","status":"publish","type":"post","link":"http:\/\/www.noticiasdelparana.com.ar\/NuevaEdicion\/2026\/09\/05\/chaco-policias-asistieron-a-un-pasajero-con-discapacidad-para-abordar-un-colectivo-en-la-terminal-de-resistencia\/","title":{"rendered":"CHACO:  Polic\u00edas Asistieron A Un Pasajero Con Discapacidad Para Abordar Un Colectivo En La Terminal De Resistencia"},"content":{"rendered":"\n<p>Un gesto de solidaridad y empat\u00eda tuvo lugar este viernes por la noche en el sector de plataformas de la terminal de \u00f3mnibus, donde polic\u00edas asistieron a un pasajero con discapacidad motriz que necesitaba ayuda para abordar su colectivo.<\/p>\n\n\n\n<p>El hecho ocurri\u00f3 alrededor de las 20, cuando agentes de la Divisi\u00f3n Atenci\u00f3n a Personas con Discapacidad, en conjunto con agentes de la Divisi\u00f3n de Informaci\u00f3n de Personas Extranjeras (DIPE), se encontraban realizando tareas preventivas en la terminal.<\/p>\n\n\n\n<p>En ese momento se acerc\u00f3 un hombre de 33 a\u00f1os, quien posee una discapacidad motriz y se encontraba solo. El hombre solicit\u00f3 colaboraci\u00f3n a los uniformados para poder subir al colectivo que deb\u00eda tomar, ya que manifest\u00f3 sentirse inc\u00f3modo al tener que pedir ayuda a otra persona.<\/p>\n\n\n\n<p>Ante esa situaci\u00f3n, los agentes no dudaron en asistirlo y acompa\u00f1arlo durante el ascenso al colectivo, logrando que pudiera abordar de manera segura.<\/p>\n\n\n\n<p>Una vez concretada la asistencia, el ciudadano agradeci\u00f3 a los efectivos por el gesto de solidaridad y empat\u00eda.<\/p>\n","protected":false},"excerpt":{"rendered":"<p> 05-Sep-26 Los agentes de la Divisi\u00f3n Atenci\u00f3n a Personas con Discapacidad y de la Divisi\u00f3n de Informaci\u00f3n de Personas Extranjeras brindaron asistencia a un hombre que viajaba solo y necesitaba ayuda.<\/p>\n","protected":false},"author":3,"featured_media":382936,"comment_status":"closed","ping_status":"closed","sticky":false,"template":"","format":"standard","meta":[],"categories":[103],"tags":[],"_links":{"self":[{"href":"http:\/\/www.noticiasdelparana.com.ar\/NuevaEdicion\/wp-json\/wp\/v2\/posts\/382935"}],"collection":[{"href":"http:\/\/www.noticiasdelparana.com.ar\/NuevaEdicion\/wp-json\/wp\/v2\/posts"}],"about":[{"href":"http:\/\/www.noticiasdelparana.com.ar\/NuevaEdicion\/wp-json\/wp\/v2\/types\/post"}],"author":[{"embeddable":true,"href":"http:\/\/www.noticiasdelparana.com.ar\/NuevaEdicion\/wp-json\/wp\/v2\/users\/3"}],"replies":[{"embeddable":true,"href":"http:\/\/www.noticiasdelparana.com.ar\/NuevaEdicion\/wp-json\/wp\/v2\/comments?post=382935"}],"version-history":[{"count":1,"href":"http:\/\/www.noticiasdelparana.com.ar\/NuevaEdicion\/wp-json\/wp\/v2\/posts\/382935\/revisions"}],"predecessor-version":[{"id":382937,"href":"http:\/\/www.noticiasdelparana.com.ar\/NuevaEdicion\/wp-json\/wp\/v2\/posts\/382935\/revisions\/382937"}],"wp:featuredmedia":[{"embeddable":true,"href":"http:\/\/www.noticiasdelparana.com.ar\/NuevaEdicion\/wp-json\/wp\/v2\/media\/382936"}],"wp:attachment":[{"href":"http:\/\/www.noticiasdelparana.com.ar\/NuevaEdicion\/wp-json\/wp\/v2\/media?parent=382935"}],"wp:term":[{"taxonomy":"category","embeddable":true,"href":"http:\/\/www.noticiasdelparana.com.ar\/NuevaEdicion\/wp-json\/wp\/v2\/categories?post=382935"},{"taxonomy":"post_tag","embeddable":true,"href":"http:\/\/www.noticiasdelparana.com.ar\/NuevaEdicion\/wp-json\/wp\/v2\/tags?post=382935"}],"curies":[{"name":"wp","href":"https:\/\/api.w.org\/{rel}","templated":true}]}}